{"id":8704,"date":"2017-10-17T13:32:47","date_gmt":"2017-10-17T13:32:47","guid":{"rendered":"https:\/\/adgt.cz\/?post_type=news&#038;p=8704"},"modified":"2021-03-29T07:16:46","modified_gmt":"2021-03-29T07:16:46","slug":"adgt-na-european-utility-week-2017","status":"publish","type":"news","link":"https:\/\/adgt.cz\/pl\/news\/adgt-na-european-utility-week-2017\/","title":{"rendered":"ADGT na European Utility Week 2017"},"content":{"rendered":"<p>European Utility Week &#8211; wa\u017cny coroczny szczyt po\u015bwi\u0119cony rozwojowi inteligentnych system\u00f3w energetycznych &#8211; by\u0142 jednym z najbardziej oczekiwanych wydarze\u0144 w harmonogramie Advanced Digital Technologies 2017.<\/p><p><!--more--><\/p><p>Wydaje si\u0119, \u017ce g\u0142\u00f3wnym obszarem bada\u0144 jest bran\u017ca automatyki miejskiej, taka jak monitorowanie zasob\u00f3w i zdalne sterowanie. Najnowsze projekty dzia\u0142u rozwoju ADGT zaowocowa\u0142y stworzeniem serii urz\u0105dze\u0144 do gromadzenia, przetwarzania i transmisji danych. Dlatego szczyt uznali\u015bmy za doskona\u0142\u0105 platform\u0119 do dzielenia si\u0119 naszymi osi\u0105gni\u0119ciami.<\/p><div class=\"wp-block-image\"><figure class=\"alignleft size-large is-resized\"><img loading=\"lazy\" decoding=\"async\" src=\"https:\/\/adgt.cz\/wp-content\/uploads\/2020\/09\/ADGT-and-Quectel.png\" alt=\"\" class=\"wp-image-7765\" width=\"252\" height=\"230\" srcset=\"https:\/\/adgt.cz\/wp-content\/uploads\/2020\/09\/ADGT-and-Quectel.png 1015w, https:\/\/adgt.cz\/wp-content\/uploads\/2020\/09\/ADGT-and-Quectel-300x273.png 300w, https:\/\/adgt.cz\/wp-content\/uploads\/2020\/09\/ADGT-and-Quectel-768x698.png 768w, https:\/\/adgt.cz\/wp-content\/uploads\/2020\/09\/ADGT-and-Quectel-870x790.png 870w, https:\/\/adgt.cz\/wp-content\/uploads\/2020\/09\/ADGT-and-Quectel-600x545.png 600w, https:\/\/adgt.cz\/wp-content\/uploads\/2020\/09\/ADGT-and-Quectel-480x436.png 480w\" sizes=\"(max-width: 252px) 100vw, 252px\" \/><\/figure><\/div><p>Na stoisku Quectel zaprezentowana zosta\u0142a nasza najnowsza <a href=\"https:\/\/adgt.cz\/pl\/product-category\/data-loggers\/\" target=\"_blank\" rel=\"noreferrer noopener\">seria rejestrator\u00f3w danych<\/a>, stworzona na potrzeby nowoczesnych inteligentnych medi\u00f3w. Zastosowanie modu\u0142\u00f3w Quectel NB-IoT umo\u017cliwi\u0142o naszym specjalistom produkcj\u0119 dok\u0142adnych, niezawodnych i ekonomicznych urz\u0105dze\u0144, kt\u00f3re mog\u0105 by\u0107 szeroko stosowane w sieciach wodoci\u0105gowych i energetycznych na obszarach miejskich o dowolnej g\u0119sto\u015bci.<\/p><p>Podobnie jak w poprzednich latach, EUW po\u0142\u0105czy\u0142a \u015bwiatow\u0105 spo\u0142eczno\u015b\u0107 inteligentnych medi\u00f3w, a tak\u017ce przedstawi\u0142a swoim go\u015bciom przegl\u0105d innowacji, kt\u00f3re mog\u0105 wkr\u00f3tce sta\u0107 si\u0119 rozwi\u0105zaniem wyzwa\u0144 stoj\u0105cych przed bran\u017c\u0105 energetyczn\u0105.<\/p><p>&nbsp;<\/p>","protected":false},"excerpt":{"rendered":"<p>European Utility Week &#8211; wa\u017cny coroczny szczyt po\u015bwi\u0119cony rozwojowi inteligentnych system\u00f3w energetycznych &#8211; by\u0142 jednym z najbardziej oczekiwanych wydarze\u0144 w harmonogramie Advanced Digital Technologies 2017.<\/p>\n","protected":false},"author":2,"featured_media":7767,"comment_status":"closed","ping_status":"closed","template":"","tags":[],"news-category":[],"class_list":["post-8704","news","type-news","status-publish","has-post-thumbnail","hentry"],"yoast_head":"<!-- This site is optimized with the Yoast SEO plugin v23.5 - https:\/\/yoast.com\/wordpress\/plugins\/seo\/ -->\n<title>ADGT na European Utility Week 2017 - ADGT<\/title>\n<meta name=\"robots\" content=\"index, follow, max-snippet:-1, max-image-preview:large, max-video-preview:-1\" \/>\n<link rel=\"canonical\" href=\"https:\/\/adgt.cz\/pl\/news\/adgt-na-european-utility-week-2017\/\" \/>\n<meta property=\"og:locale\" content=\"pl_PL\" \/>\n<meta property=\"og:type\" content=\"article\" \/>\n<meta property=\"og:title\" content=\"ADGT na European Utility Week 2017 - ADGT\" \/>\n<meta property=\"og:description\" content=\"European Utility Week &#8211; wa\u017cny coroczny szczyt po\u015bwi\u0119cony rozwojowi inteligentnych system\u00f3w energetycznych &#8211; by\u0142 jednym z najbardziej oczekiwanych wydarze\u0144 w harmonogramie Advanced Digital Technologies 2017.\" \/>\n<meta property=\"og:url\" content=\"https:\/\/adgt.cz\/pl\/news\/adgt-na-european-utility-week-2017\/\" \/>\n<meta property=\"og:site_name\" content=\"ADGT\" \/>\n<meta property=\"article:modified_time\" content=\"2021-03-29T07:16:46+00:00\" \/>\n<meta property=\"og:image\" content=\"https:\/\/adgt.cz\/wp-content\/uploads\/2020\/09\/EUW-2017-logo-e1509350575484.jpg\" \/>\n\t<meta property=\"og:image:width\" content=\"1097\" \/>\n\t<meta property=\"og:image:height\" content=\"659\" \/>\n\t<meta property=\"og:image:type\" content=\"image\/jpeg\" \/>\n<meta name=\"twitter:card\" content=\"summary_large_image\" \/>\n<meta name=\"twitter:label1\" content=\"Szacowany czas czytania\" \/>\n\t<meta name=\"twitter:data1\" content=\"1 minuta\" \/>\n<script type=\"application\/ld+json\" class=\"yoast-schema-graph\">{\"@context\":\"https:\/\/schema.org\",\"@graph\":[{\"@type\":\"WebPage\",\"@id\":\"https:\/\/adgt.cz\/pl\/news\/adgt-na-european-utility-week-2017\/\",\"url\":\"https:\/\/adgt.cz\/pl\/news\/adgt-na-european-utility-week-2017\/\",\"name\":\"ADGT na European Utility Week 2017 - ADGT\",\"isPartOf\":{\"@id\":\"https:\/\/adgt.cz\/pl\/#website\"},\"primaryImageOfPage\":{\"@id\":\"https:\/\/adgt.cz\/pl\/news\/adgt-na-european-utility-week-2017\/#primaryimage\"},\"image\":{\"@id\":\"https:\/\/adgt.cz\/pl\/news\/adgt-na-european-utility-week-2017\/#primaryimage\"},\"thumbnailUrl\":\"https:\/\/adgt.cz\/wp-content\/uploads\/2020\/09\/EUW-2017-logo-e1509350575484.jpg\",\"datePublished\":\"2017-10-17T13:32:47+00:00\",\"dateModified\":\"2021-03-29T07:16:46+00:00\",\"breadcrumb\":{\"@id\":\"https:\/\/adgt.cz\/pl\/news\/adgt-na-european-utility-week-2017\/#breadcrumb\"},\"inLanguage\":\"pl-PL\",\"potentialAction\":[{\"@type\":\"ReadAction\",\"target\":[\"https:\/\/adgt.cz\/pl\/news\/adgt-na-european-utility-week-2017\/\"]}]},{\"@type\":\"ImageObject\",\"inLanguage\":\"pl-PL\",\"@id\":\"https:\/\/adgt.cz\/pl\/news\/adgt-na-european-utility-week-2017\/#primaryimage\",\"url\":\"https:\/\/adgt.cz\/wp-content\/uploads\/2020\/09\/EUW-2017-logo-e1509350575484.jpg\",\"contentUrl\":\"https:\/\/adgt.cz\/wp-content\/uploads\/2020\/09\/EUW-2017-logo-e1509350575484.jpg\",\"width\":1097,\"height\":659},{\"@type\":\"BreadcrumbList\",\"@id\":\"https:\/\/adgt.cz\/pl\/news\/adgt-na-european-utility-week-2017\/#breadcrumb\",\"itemListElement\":[{\"@type\":\"ListItem\",\"position\":1,\"name\":\"Home\",\"item\":\"https:\/\/adgt.cz\/pl\/\"},{\"@type\":\"ListItem\",\"position\":2,\"name\":\"News\",\"item\":\"https:\/\/adgt.cz\/pl\/news\/\"},{\"@type\":\"ListItem\",\"position\":3,\"name\":\"ADGT na European Utility Week 2017\"}]},{\"@type\":\"WebSite\",\"@id\":\"https:\/\/adgt.cz\/pl\/#website\",\"url\":\"https:\/\/adgt.cz\/pl\/\",\"name\":\"ADGT\",\"description\":\"Just another WordPress site\",\"publisher\":{\"@id\":\"https:\/\/adgt.cz\/pl\/#organization\"},\"potentialAction\":[{\"@type\":\"SearchAction\",\"target\":{\"@type\":\"EntryPoint\",\"urlTemplate\":\"https:\/\/adgt.cz\/pl\/?s={search_term_string}\"},\"query-input\":{\"@type\":\"PropertyValueSpecification\",\"valueRequired\":true,\"valueName\":\"search_term_string\"}}],\"inLanguage\":\"pl-PL\"},{\"@type\":\"Organization\",\"@id\":\"https:\/\/adgt.cz\/pl\/#organization\",\"name\":\"ADGT\",\"url\":\"https:\/\/adgt.cz\/pl\/\",\"logo\":{\"@type\":\"ImageObject\",\"inLanguage\":\"pl-PL\",\"@id\":\"https:\/\/adgt.cz\/pl\/#\/schema\/logo\/image\/\",\"url\":\"https:\/\/adgt.cz\/wp-content\/uploads\/2020\/09\/ADGT_logo_Magenta.png\",\"contentUrl\":\"https:\/\/adgt.cz\/wp-content\/uploads\/2020\/09\/ADGT_logo_Magenta.png\",\"width\":798,\"height\":208,\"caption\":\"ADGT\"},\"image\":{\"@id\":\"https:\/\/adgt.cz\/pl\/#\/schema\/logo\/image\/\"}}]}<\/script>\n<!-- \/ Yoast SEO plugin. -->","yoast_head_json":{"title":"ADGT na European Utility Week 2017 - ADGT","robots":{"index":"index","follow":"follow","max-snippet":"max-snippet:-1","max-image-preview":"max-image-preview:large","max-video-preview":"max-video-preview:-1"},"canonical":"https:\/\/adgt.cz\/pl\/news\/adgt-na-european-utility-week-2017\/","og_locale":"pl_PL","og_type":"article","og_title":"ADGT na European Utility Week 2017 - ADGT","og_description":"European Utility Week &#8211; wa\u017cny coroczny szczyt po\u015bwi\u0119cony rozwojowi inteligentnych system\u00f3w energetycznych &#8211; by\u0142 jednym z najbardziej oczekiwanych wydarze\u0144 w harmonogramie Advanced Digital Technologies 2017.","og_url":"https:\/\/adgt.cz\/pl\/news\/adgt-na-european-utility-week-2017\/","og_site_name":"ADGT","article_modified_time":"2021-03-29T07:16:46+00:00","og_image":[{"width":1097,"height":659,"url":"https:\/\/adgt.cz\/wp-content\/uploads\/2020\/09\/EUW-2017-logo-e1509350575484.jpg","type":"image\/jpeg"}],"twitter_card":"summary_large_image","twitter_misc":{"Szacowany czas czytania":"1 minuta"},"schema":{"@context":"https:\/\/schema.org","@graph":[{"@type":"WebPage","@id":"https:\/\/adgt.cz\/pl\/news\/adgt-na-european-utility-week-2017\/","url":"https:\/\/adgt.cz\/pl\/news\/adgt-na-european-utility-week-2017\/","name":"ADGT na European Utility Week 2017 - ADGT","isPartOf":{"@id":"https:\/\/adgt.cz\/pl\/#website"},"primaryImageOfPage":{"@id":"https:\/\/adgt.cz\/pl\/news\/adgt-na-european-utility-week-2017\/#primaryimage"},"image":{"@id":"https:\/\/adgt.cz\/pl\/news\/adgt-na-european-utility-week-2017\/#primaryimage"},"thumbnailUrl":"https:\/\/adgt.cz\/wp-content\/uploads\/2020\/09\/EUW-2017-logo-e1509350575484.jpg","datePublished":"2017-10-17T13:32:47+00:00","dateModified":"2021-03-29T07:16:46+00:00","breadcrumb":{"@id":"https:\/\/adgt.cz\/pl\/news\/adgt-na-european-utility-week-2017\/#breadcrumb"},"inLanguage":"pl-PL","potentialAction":[{"@type":"ReadAction","target":["https:\/\/adgt.cz\/pl\/news\/adgt-na-european-utility-week-2017\/"]}]},{"@type":"ImageObject","inLanguage":"pl-PL","@id":"https:\/\/adgt.cz\/pl\/news\/adgt-na-european-utility-week-2017\/#primaryimage","url":"https:\/\/adgt.cz\/wp-content\/uploads\/2020\/09\/EUW-2017-logo-e1509350575484.jpg","contentUrl":"https:\/\/adgt.cz\/wp-content\/uploads\/2020\/09\/EUW-2017-logo-e1509350575484.jpg","width":1097,"height":659},{"@type":"BreadcrumbList","@id":"https:\/\/adgt.cz\/pl\/news\/adgt-na-european-utility-week-2017\/#breadcrumb","itemListElement":[{"@type":"ListItem","position":1,"name":"Home","item":"https:\/\/adgt.cz\/pl\/"},{"@type":"ListItem","position":2,"name":"News","item":"https:\/\/adgt.cz\/pl\/news\/"},{"@type":"ListItem","position":3,"name":"ADGT na European Utility Week 2017"}]},{"@type":"WebSite","@id":"https:\/\/adgt.cz\/pl\/#website","url":"https:\/\/adgt.cz\/pl\/","name":"ADGT","description":"Just another WordPress site","publisher":{"@id":"https:\/\/adgt.cz\/pl\/#organization"},"potentialAction":[{"@type":"SearchAction","target":{"@type":"EntryPoint","urlTemplate":"https:\/\/adgt.cz\/pl\/?s={search_term_string}"},"query-input":{"@type":"PropertyValueSpecification","valueRequired":true,"valueName":"search_term_string"}}],"inLanguage":"pl-PL"},{"@type":"Organization","@id":"https:\/\/adgt.cz\/pl\/#organization","name":"ADGT","url":"https:\/\/adgt.cz\/pl\/","logo":{"@type":"ImageObject","inLanguage":"pl-PL","@id":"https:\/\/adgt.cz\/pl\/#\/schema\/logo\/image\/","url":"https:\/\/adgt.cz\/wp-content\/uploads\/2020\/09\/ADGT_logo_Magenta.png","contentUrl":"https:\/\/adgt.cz\/wp-content\/uploads\/2020\/09\/ADGT_logo_Magenta.png","width":798,"height":208,"caption":"ADGT"},"image":{"@id":"https:\/\/adgt.cz\/pl\/#\/schema\/logo\/image\/"}}]}},"_links":{"self":[{"href":"https:\/\/adgt.cz\/pl\/wp-json\/wp\/v2\/news\/8704"}],"collection":[{"href":"https:\/\/adgt.cz\/pl\/wp-json\/wp\/v2\/news"}],"about":[{"href":"https:\/\/adgt.cz\/pl\/wp-json\/wp\/v2\/types\/news"}],"author":[{"embeddable":true,"href":"https:\/\/adgt.cz\/pl\/wp-json\/wp\/v2\/users\/2"}],"replies":[{"embeddable":true,"href":"https:\/\/adgt.cz\/pl\/wp-json\/wp\/v2\/comments?post=8704"}],"version-history":[{"count":0,"href":"https:\/\/adgt.cz\/pl\/wp-json\/wp\/v2\/news\/8704\/revisions"}],"wp:featuredmedia":[{"embeddable":true,"href":"https:\/\/adgt.cz\/pl\/wp-json\/wp\/v2\/media\/7767"}],"wp:attachment":[{"href":"https:\/\/adgt.cz\/pl\/wp-json\/wp\/v2\/media?parent=8704"}],"wp:term":[{"taxonomy":"post_tag","embeddable":true,"href":"https:\/\/adgt.cz\/pl\/wp-json\/wp\/v2\/tags?post=8704"},{"taxonomy":"news-category","embeddable":true,"href":"https:\/\/adgt.cz\/pl\/wp-json\/wp\/v2\/news-category?post=8704"}],"curies":[{"name":"wp","href":"https:\/\/api.w.org\/{rel}","templated":true}]}}