{"id":8722,"date":"2019-11-15T14:11:59","date_gmt":"2019-11-15T14:11:59","guid":{"rendered":"https:\/\/adgt.cz\/?post_type=news&#038;p=8722"},"modified":"2021-03-29T07:32:05","modified_gmt":"2021-03-29T07:32:05","slug":"adgt-sulla-settimana-dellutilita-2019-trasformazione-energetica","status":"publish","type":"news","link":"https:\/\/adgt.cz\/it\/news\/adgt-sulla-settimana-dellutilita-2019-trasformazione-energetica\/","title":{"rendered":"ADGT sulla Settimana dell&#8217;utilit\u00e0 &#8211; 2019: trasformazione energetica!"},"content":{"rendered":"<p>A novembre di quest&#8217;anno abbiamo preso parte alla pi\u00f9 grande fiera-conferenza European Utility Week a Parigi. Il congresso \u00e8 stato dedicato alle moderne soluzioni per le reti elettriche: sistemi intelligenti di misurazione dell&#8217;elettricit\u00e0, integrazione di fonti rinnovabili ed edifici intelligenti.<\/p><p><!--more--><\/p><p>La mostra \u00e8 stata trascorsa sotto un nuovo marchio unificante: la European Utility Week ha collaborato con POWERGEN Europe e ha creato Enlit. Gli eventi si sono svolti sotto il nome laconico della piattaforma aziendale creata.<\/p><p>&#8220;E se &#8230; l&#8217;intero settore potesse connettersi per plasmare il futuro energetico del mondo?&#8221; &#8211; chiede Enlit, e questo suggerisce che gli organizzatori hanno grandi progetti. La co-ubicazione di European Utility Week e POWERGEN Europe \u00e8 stato il primo passo per fornire una piattaforma per la transizione energetica, nel 2019. Questa piattaforma \u00e8 progettata per cambiare l&#8217;esperienza pratica e sviluppare soluzioni combinate per l&#8217;intera catena di approvvigionamento energetico, dalla generazione di energia alla uso finale, sotto lo stesso tetto.<br><br>Una parte dei rapporti \u00e8 stata dedicata ai dispositivi di misurazione di elettricit\u00e0, acqua e gas e al suo ruolo nella trasformazione energetica globale. Le aziende espositrici hanno aggiunto la teoria alla pratica e hanno dimostrato gli ultimi sviluppi negli stand.<br><br>Abbiamo anche presentato uno dei nostri prodotti presso lo stand Quectel: il <a href=\"https:\/\/adgt.cz\/it\/product-category\/data-loggers\/\" target=\"_blank\" rel=\"noreferrer noopener\">data logger DTU NB-IoT<\/a> per la misurazione intelligente dell&#8217;acqua. Data logger alimentato a batteria progettato per garantire un preciso monitoraggio delle risorse remote (elettricit\u00e0, gas, calore e acqua). DTU27 fornisce la raccolta automatica dei dati dai contatori con uscita a impulsi, memorizza le letture nella memoria non volatile e le trasmette al server di invio tramite il modem cellulare integrato sulla rete NB-IoT.<\/p><figure class=\"wp-block-image size-large\"><img loading=\"lazy\" decoding=\"async\" width=\"600\" height=\"384\" src=\"https:\/\/adgt.cz\/wp-content\/uploads\/2020\/09\/DTU27-1-600x384-1.jpg\" alt=\"\" class=\"wp-image-5284\" srcset=\"https:\/\/adgt.cz\/wp-content\/uploads\/2020\/09\/DTU27-1-600x384-1.jpg 600w, https:\/\/adgt.cz\/wp-content\/uploads\/2020\/09\/DTU27-1-600x384-1-300x192.jpg 300w, https:\/\/adgt.cz\/wp-content\/uploads\/2020\/09\/DTU27-1-600x384-1-480x307.jpg 480w\" sizes=\"(max-width: 600px) 100vw, 600px\" \/><\/figure><p>La European Utility Week ha riunito pi\u00f9 di 18.000 opinion leader e professionisti europei dietro le scoperte e le soluzioni di utilit\u00e0 di maggior successo al mondo.<\/p><p>La European Utility Week \u00e8 l&#8217;evento di riferimento per l&#8217;industria energetica. Speriamo di tornarci l&#8217;anno prossimo!<\/p>","protected":false},"excerpt":{"rendered":"<p>A novembre di quest&#8217;anno abbiamo preso parte alla pi\u00f9 grande fiera-conferenza European Utility Week a Parigi. Il congresso \u00e8 stato dedicato alle moderne soluzioni per le reti elettriche: sistemi intelligenti di misurazione dell&#8217;elettricit\u00e0, integrazione di fonti rinnovabili ed edifici intelligenti.<\/p>\n","protected":false},"author":2,"featured_media":5971,"comment_status":"closed","ping_status":"closed","template":"","tags":[],"news-category":[],"class_list":["post-8722","news","type-news","status-publish","has-post-thumbnail","hentry"],"yoast_head":"<!-- This site is optimized with the Yoast SEO plugin v23.5 - https:\/\/yoast.com\/wordpress\/plugins\/seo\/ -->\n<title>ADGT sulla Settimana dell&#039;utilit\u00e0 - 2019: trasformazione energetica! - ADGT<\/title>\n<meta name=\"robots\" content=\"index, follow, max-snippet:-1, max-image-preview:large, max-video-preview:-1\" \/>\n<link rel=\"canonical\" href=\"https:\/\/adgt.cz\/it\/news\/adgt-sulla-settimana-dellutilita-2019-trasformazione-energetica\/\" \/>\n<meta property=\"og:locale\" content=\"it_IT\" \/>\n<meta property=\"og:type\" content=\"article\" \/>\n<meta property=\"og:title\" content=\"ADGT sulla Settimana dell&#039;utilit\u00e0 - 2019: trasformazione energetica! - ADGT\" \/>\n<meta property=\"og:description\" content=\"A novembre di quest&#8217;anno abbiamo preso parte alla pi\u00f9 grande fiera-conferenza European Utility Week a Parigi. Il congresso \u00e8 stato dedicato alle moderne soluzioni per le reti elettriche: sistemi intelligenti di misurazione dell&#8217;elettricit\u00e0, integrazione di fonti rinnovabili ed edifici intelligenti.\" \/>\n<meta property=\"og:url\" content=\"https:\/\/adgt.cz\/it\/news\/adgt-sulla-settimana-dellutilita-2019-trasformazione-energetica\/\" \/>\n<meta property=\"og:site_name\" content=\"ADGT\" \/>\n<meta property=\"article:modified_time\" content=\"2021-03-29T07:32:05+00:00\" \/>\n<meta property=\"og:image\" content=\"https:\/\/adgt.cz\/wp-content\/uploads\/2020\/10\/ENLIT2019-5-600x420-1.jpg\" \/>\n\t<meta property=\"og:image:width\" content=\"600\" \/>\n\t<meta property=\"og:image:height\" content=\"420\" \/>\n\t<meta property=\"og:image:type\" content=\"image\/jpeg\" \/>\n<meta name=\"twitter:card\" content=\"summary_large_image\" \/>\n<meta name=\"twitter:label1\" content=\"Tempo di lettura stimato\" \/>\n\t<meta name=\"twitter:data1\" content=\"2 minuti\" \/>\n<script type=\"application\/ld+json\" class=\"yoast-schema-graph\">{\"@context\":\"https:\/\/schema.org\",\"@graph\":[{\"@type\":\"WebPage\",\"@id\":\"https:\/\/adgt.cz\/it\/news\/adgt-sulla-settimana-dellutilita-2019-trasformazione-energetica\/\",\"url\":\"https:\/\/adgt.cz\/it\/news\/adgt-sulla-settimana-dellutilita-2019-trasformazione-energetica\/\",\"name\":\"ADGT sulla Settimana dell'utilit\u00e0 - 2019: trasformazione energetica! - ADGT\",\"isPartOf\":{\"@id\":\"https:\/\/adgt.cz\/it\/#website\"},\"primaryImageOfPage\":{\"@id\":\"https:\/\/adgt.cz\/it\/news\/adgt-sulla-settimana-dellutilita-2019-trasformazione-energetica\/#primaryimage\"},\"image\":{\"@id\":\"https:\/\/adgt.cz\/it\/news\/adgt-sulla-settimana-dellutilita-2019-trasformazione-energetica\/#primaryimage\"},\"thumbnailUrl\":\"https:\/\/adgt.cz\/wp-content\/uploads\/2020\/10\/ENLIT2019-5-600x420-1.jpg\",\"datePublished\":\"2019-11-15T14:11:59+00:00\",\"dateModified\":\"2021-03-29T07:32:05+00:00\",\"breadcrumb\":{\"@id\":\"https:\/\/adgt.cz\/it\/news\/adgt-sulla-settimana-dellutilita-2019-trasformazione-energetica\/#breadcrumb\"},\"inLanguage\":\"it-IT\",\"potentialAction\":[{\"@type\":\"ReadAction\",\"target\":[\"https:\/\/adgt.cz\/it\/news\/adgt-sulla-settimana-dellutilita-2019-trasformazione-energetica\/\"]}]},{\"@type\":\"ImageObject\",\"inLanguage\":\"it-IT\",\"@id\":\"https:\/\/adgt.cz\/it\/news\/adgt-sulla-settimana-dellutilita-2019-trasformazione-energetica\/#primaryimage\",\"url\":\"https:\/\/adgt.cz\/wp-content\/uploads\/2020\/10\/ENLIT2019-5-600x420-1.jpg\",\"contentUrl\":\"https:\/\/adgt.cz\/wp-content\/uploads\/2020\/10\/ENLIT2019-5-600x420-1.jpg\",\"width\":600,\"height\":420},{\"@type\":\"BreadcrumbList\",\"@id\":\"https:\/\/adgt.cz\/it\/news\/adgt-sulla-settimana-dellutilita-2019-trasformazione-energetica\/#breadcrumb\",\"itemListElement\":[{\"@type\":\"ListItem\",\"position\":1,\"name\":\"Home\",\"item\":\"https:\/\/adgt.cz\/it\/\"},{\"@type\":\"ListItem\",\"position\":2,\"name\":\"News\",\"item\":\"https:\/\/adgt.cz\/it\/news\/\"},{\"@type\":\"ListItem\",\"position\":3,\"name\":\"ADGT sulla Settimana dell&#8217;utilit\u00e0 &#8211; 2019: trasformazione energetica!\"}]},{\"@type\":\"WebSite\",\"@id\":\"https:\/\/adgt.cz\/it\/#website\",\"url\":\"https:\/\/adgt.cz\/it\/\",\"name\":\"ADGT\",\"description\":\"Just another WordPress site\",\"publisher\":{\"@id\":\"https:\/\/adgt.cz\/it\/#organization\"},\"potentialAction\":[{\"@type\":\"SearchAction\",\"target\":{\"@type\":\"EntryPoint\",\"urlTemplate\":\"https:\/\/adgt.cz\/it\/?s={search_term_string}\"},\"query-input\":{\"@type\":\"PropertyValueSpecification\",\"valueRequired\":true,\"valueName\":\"search_term_string\"}}],\"inLanguage\":\"it-IT\"},{\"@type\":\"Organization\",\"@id\":\"https:\/\/adgt.cz\/it\/#organization\",\"name\":\"ADGT\",\"url\":\"https:\/\/adgt.cz\/it\/\",\"logo\":{\"@type\":\"ImageObject\",\"inLanguage\":\"it-IT\",\"@id\":\"https:\/\/adgt.cz\/it\/#\/schema\/logo\/image\/\",\"url\":\"https:\/\/adgt.cz\/wp-content\/uploads\/2020\/09\/ADGT_logo_Magenta.png\",\"contentUrl\":\"https:\/\/adgt.cz\/wp-content\/uploads\/2020\/09\/ADGT_logo_Magenta.png\",\"width\":798,\"height\":208,\"caption\":\"ADGT\"},\"image\":{\"@id\":\"https:\/\/adgt.cz\/it\/#\/schema\/logo\/image\/\"}}]}<\/script>\n<!-- \/ Yoast SEO plugin. -->","yoast_head_json":{"title":"ADGT sulla Settimana dell'utilit\u00e0 - 2019: trasformazione energetica! - ADGT","robots":{"index":"index","follow":"follow","max-snippet":"max-snippet:-1","max-image-preview":"max-image-preview:large","max-video-preview":"max-video-preview:-1"},"canonical":"https:\/\/adgt.cz\/it\/news\/adgt-sulla-settimana-dellutilita-2019-trasformazione-energetica\/","og_locale":"it_IT","og_type":"article","og_title":"ADGT sulla Settimana dell'utilit\u00e0 - 2019: trasformazione energetica! - ADGT","og_description":"A novembre di quest&#8217;anno abbiamo preso parte alla pi\u00f9 grande fiera-conferenza European Utility Week a Parigi. Il congresso \u00e8 stato dedicato alle moderne soluzioni per le reti elettriche: sistemi intelligenti di misurazione dell&#8217;elettricit\u00e0, integrazione di fonti rinnovabili ed edifici intelligenti.","og_url":"https:\/\/adgt.cz\/it\/news\/adgt-sulla-settimana-dellutilita-2019-trasformazione-energetica\/","og_site_name":"ADGT","article_modified_time":"2021-03-29T07:32:05+00:00","og_image":[{"width":600,"height":420,"url":"https:\/\/adgt.cz\/wp-content\/uploads\/2020\/10\/ENLIT2019-5-600x420-1.jpg","type":"image\/jpeg"}],"twitter_card":"summary_large_image","twitter_misc":{"Tempo di lettura stimato":"2 minuti"},"schema":{"@context":"https:\/\/schema.org","@graph":[{"@type":"WebPage","@id":"https:\/\/adgt.cz\/it\/news\/adgt-sulla-settimana-dellutilita-2019-trasformazione-energetica\/","url":"https:\/\/adgt.cz\/it\/news\/adgt-sulla-settimana-dellutilita-2019-trasformazione-energetica\/","name":"ADGT sulla Settimana dell'utilit\u00e0 - 2019: trasformazione energetica! - ADGT","isPartOf":{"@id":"https:\/\/adgt.cz\/it\/#website"},"primaryImageOfPage":{"@id":"https:\/\/adgt.cz\/it\/news\/adgt-sulla-settimana-dellutilita-2019-trasformazione-energetica\/#primaryimage"},"image":{"@id":"https:\/\/adgt.cz\/it\/news\/adgt-sulla-settimana-dellutilita-2019-trasformazione-energetica\/#primaryimage"},"thumbnailUrl":"https:\/\/adgt.cz\/wp-content\/uploads\/2020\/10\/ENLIT2019-5-600x420-1.jpg","datePublished":"2019-11-15T14:11:59+00:00","dateModified":"2021-03-29T07:32:05+00:00","breadcrumb":{"@id":"https:\/\/adgt.cz\/it\/news\/adgt-sulla-settimana-dellutilita-2019-trasformazione-energetica\/#breadcrumb"},"inLanguage":"it-IT","potentialAction":[{"@type":"ReadAction","target":["https:\/\/adgt.cz\/it\/news\/adgt-sulla-settimana-dellutilita-2019-trasformazione-energetica\/"]}]},{"@type":"ImageObject","inLanguage":"it-IT","@id":"https:\/\/adgt.cz\/it\/news\/adgt-sulla-settimana-dellutilita-2019-trasformazione-energetica\/#primaryimage","url":"https:\/\/adgt.cz\/wp-content\/uploads\/2020\/10\/ENLIT2019-5-600x420-1.jpg","contentUrl":"https:\/\/adgt.cz\/wp-content\/uploads\/2020\/10\/ENLIT2019-5-600x420-1.jpg","width":600,"height":420},{"@type":"BreadcrumbList","@id":"https:\/\/adgt.cz\/it\/news\/adgt-sulla-settimana-dellutilita-2019-trasformazione-energetica\/#breadcrumb","itemListElement":[{"@type":"ListItem","position":1,"name":"Home","item":"https:\/\/adgt.cz\/it\/"},{"@type":"ListItem","position":2,"name":"News","item":"https:\/\/adgt.cz\/it\/news\/"},{"@type":"ListItem","position":3,"name":"ADGT sulla Settimana dell&#8217;utilit\u00e0 &#8211; 2019: trasformazione energetica!"}]},{"@type":"WebSite","@id":"https:\/\/adgt.cz\/it\/#website","url":"https:\/\/adgt.cz\/it\/","name":"ADGT","description":"Just another WordPress site","publisher":{"@id":"https:\/\/adgt.cz\/it\/#organization"},"potentialAction":[{"@type":"SearchAction","target":{"@type":"EntryPoint","urlTemplate":"https:\/\/adgt.cz\/it\/?s={search_term_string}"},"query-input":{"@type":"PropertyValueSpecification","valueRequired":true,"valueName":"search_term_string"}}],"inLanguage":"it-IT"},{"@type":"Organization","@id":"https:\/\/adgt.cz\/it\/#organization","name":"ADGT","url":"https:\/\/adgt.cz\/it\/","logo":{"@type":"ImageObject","inLanguage":"it-IT","@id":"https:\/\/adgt.cz\/it\/#\/schema\/logo\/image\/","url":"https:\/\/adgt.cz\/wp-content\/uploads\/2020\/09\/ADGT_logo_Magenta.png","contentUrl":"https:\/\/adgt.cz\/wp-content\/uploads\/2020\/09\/ADGT_logo_Magenta.png","width":798,"height":208,"caption":"ADGT"},"image":{"@id":"https:\/\/adgt.cz\/it\/#\/schema\/logo\/image\/"}}]}},"_links":{"self":[{"href":"https:\/\/adgt.cz\/it\/wp-json\/wp\/v2\/news\/8722"}],"collection":[{"href":"https:\/\/adgt.cz\/it\/wp-json\/wp\/v2\/news"}],"about":[{"href":"https:\/\/adgt.cz\/it\/wp-json\/wp\/v2\/types\/news"}],"author":[{"embeddable":true,"href":"https:\/\/adgt.cz\/it\/wp-json\/wp\/v2\/users\/2"}],"replies":[{"embeddable":true,"href":"https:\/\/adgt.cz\/it\/wp-json\/wp\/v2\/comments?post=8722"}],"version-history":[{"count":0,"href":"https:\/\/adgt.cz\/it\/wp-json\/wp\/v2\/news\/8722\/revisions"}],"wp:featuredmedia":[{"embeddable":true,"href":"https:\/\/adgt.cz\/it\/wp-json\/wp\/v2\/media\/5971"}],"wp:attachment":[{"href":"https:\/\/adgt.cz\/it\/wp-json\/wp\/v2\/media?parent=8722"}],"wp:term":[{"taxonomy":"post_tag","embeddable":true,"href":"https:\/\/adgt.cz\/it\/wp-json\/wp\/v2\/tags?post=8722"},{"taxonomy":"news-category","embeddable":true,"href":"https:\/\/adgt.cz\/it\/wp-json\/wp\/v2\/news-category?post=8722"}],"curies":[{"name":"wp","href":"https:\/\/api.w.org\/{rel}","templated":true}]}}