{"id":8773,"date":"2019-11-15T14:29:47","date_gmt":"2019-11-15T14:29:47","guid":{"rendered":"https:\/\/adgt.cz\/?post_type=news&#038;p=8773"},"modified":"2021-03-29T07:30:48","modified_gmt":"2021-03-29T07:30:48","slug":"adgt-a-propos-de-la-semaine-des-services-publics-2019-la-transformation-de-lenergie","status":"publish","type":"news","link":"https:\/\/adgt.cz\/fr\/news\/adgt-a-propos-de-la-semaine-des-services-publics-2019-la-transformation-de-lenergie\/","title":{"rendered":"ADGT \u00e0 propos de la semaine des services publics &#8211; 2019: la transformation de l&#8217;\u00e9nergie!"},"content":{"rendered":"<p>En novembre de cette ann\u00e9e, nous avons particip\u00e9 \u00e0 la plus grande exposition-conf\u00e9rence de la Semaine europ\u00e9enne des services publics \u00e0 Paris. Le congr\u00e8s \u00e9tait consacr\u00e9 aux solutions modernes pour les r\u00e9seaux \u00e9lectriques &#8211; syst\u00e8mes intelligents de comptage de l&#8217;\u00e9lectricit\u00e9, int\u00e9gration des sources renouvelables et b\u00e2timents intelligents.<\/p><p><!--more--><\/p><p>L&#8217;exposition s&#8217;est d\u00e9roul\u00e9e sous une nouvelle marque f\u00e9d\u00e9ratrice : La Semaine europ\u00e9enne des services publics s&#8217;est associ\u00e9e \u00e0 POWERGEN Europe et a cr\u00e9\u00e9 Enlit. Des \u00e9v\u00e9nements ont \u00e9t\u00e9 organis\u00e9s sous le nom laconique de la plateforme commerciale cr\u00e9\u00e9e.<\/p><p>Et si&#8230;. l&#8217;ensemble du secteur pouvait se connecter pour fa\u00e7onner l&#8217;avenir \u00e9nerg\u00e9tique du monde ? &#8211; demande Enlit, ce qui sugg\u00e8re que les organisateurs ont de grands projets. Le regroupement de la Semaine europ\u00e9enne des services publics et de POWERGEN Europe a \u00e9t\u00e9 la premi\u00e8re \u00e9tape de la mise en place d&#8217;une plateforme pour la transition \u00e9nerg\u00e9tique, en 2019. Cette plateforme est con\u00e7ue pour changer l&#8217;exp\u00e9rience pratique et d\u00e9velopper des solutions combin\u00e9es pour toute la cha\u00eene d&#8217;approvisionnement \u00e9nerg\u00e9tique, de la production d&#8217;\u00e9lectricit\u00e9 \u00e0 l&#8217;utilisation finale, sous un m\u00eame toit.<br><br>Une partie des rapports a \u00e9t\u00e9 consacr\u00e9e aux dispositifs de comptage de l&#8217;\u00e9lectricit\u00e9, de l&#8217;eau et du gaz et \u00e0 son r\u00f4le dans la transformation \u00e9nerg\u00e9tique mondiale. Les entreprises exposantes ont ajout\u00e9 la th\u00e9orie \u00e0 la pratique et ont pr\u00e9sent\u00e9 les derniers d\u00e9veloppements sur les stands.<br><br>Nous avons \u00e9galement pr\u00e9sent\u00e9 un de nos produits sur le stand Quectel &#8211; <a href=\"https:\/\/adgt.cz\/fr\/product-category\/data-loggers\/\" target=\"_blank\" rel=\"noreferrer noopener\">l&#8217;enregistreur de donn\u00e9es DTU NB-IoT<\/a> pour le comptage intelligent de l&#8217;eau. Cet enregistreur de donn\u00e9es aliment\u00e9 par batterie est con\u00e7u pour assurer un suivi pr\u00e9cis des ressources \u00e0 distance (\u00e9lectricit\u00e9, gaz, chaleur et eau). Le DTU27 permet de collecter automatiquement les donn\u00e9es des compteurs \u00e0 sortie impulsionnelle, de stocker les relev\u00e9s dans une m\u00e9moire non volatile et de les transmettre au serveur de r\u00e9partition via le modem cellulaire int\u00e9gr\u00e9 sur le r\u00e9seau de NB-IoT.<\/p><figure class=\"wp-block-image size-large\"><img loading=\"lazy\" decoding=\"async\" width=\"600\" height=\"384\" src=\"https:\/\/adgt.cz\/wp-content\/uploads\/2020\/09\/DTU27-1-600x384-1.jpg\" alt=\"\" class=\"wp-image-5282\" srcset=\"https:\/\/adgt.cz\/wp-content\/uploads\/2020\/09\/DTU27-1-600x384-1.jpg 600w, https:\/\/adgt.cz\/wp-content\/uploads\/2020\/09\/DTU27-1-600x384-1-300x192.jpg 300w, https:\/\/adgt.cz\/wp-content\/uploads\/2020\/09\/DTU27-1-600x384-1-480x307.jpg 480w\" sizes=\"(max-width: 600px) 100vw, 600px\" \/><\/figure><p>La Semaine europ\u00e9enne des services publics a rassembl\u00e9 plus de 18 000 leaders d&#8217;opinion et professionnels europ\u00e9ens \u00e0 l&#8217;origine des d\u00e9couvertes et solutions les plus r\u00e9ussies au monde dans le domaine des services publics.<\/p><p>La Semaine europ\u00e9enne des services publics est l&#8217;\u00e9v\u00e9nement phare du secteur de l&#8217;\u00e9lectricit\u00e9. Nous esp\u00e9rons la visiter l&#8217;ann\u00e9e prochaine!<\/p>","protected":false},"excerpt":{"rendered":"<p>En novembre de cette ann\u00e9e, nous avons particip\u00e9 \u00e0 la plus grande exposition-conf\u00e9rence de la Semaine europ\u00e9enne des services publics \u00e0 Paris. Le congr\u00e8s \u00e9tait consacr\u00e9 aux solutions modernes pour les r\u00e9seaux \u00e9lectriques &#8211; syst\u00e8mes intelligents de comptage de l&#8217;\u00e9lectricit\u00e9, int\u00e9gration des sources renouvelables et b\u00e2timents intelligents.<\/p>\n","protected":false},"author":2,"featured_media":5969,"comment_status":"closed","ping_status":"closed","template":"","tags":[],"news-category":[],"class_list":["post-8773","news","type-news","status-publish","has-post-thumbnail","hentry"],"yoast_head":"<!-- This site is optimized with the Yoast SEO plugin v23.5 - https:\/\/yoast.com\/wordpress\/plugins\/seo\/ -->\n<title>ADGT \u00e0 propos de la semaine des services publics - 2019: la transformation de l&#039;\u00e9nergie! - ADGT<\/title>\n<meta name=\"robots\" content=\"index, follow, max-snippet:-1, max-image-preview:large, max-video-preview:-1\" \/>\n<link rel=\"canonical\" href=\"https:\/\/adgt.cz\/fr\/news\/adgt-a-propos-de-la-semaine-des-services-publics-2019-la-transformation-de-lenergie\/\" \/>\n<meta property=\"og:locale\" content=\"fr_FR\" \/>\n<meta property=\"og:type\" content=\"article\" \/>\n<meta property=\"og:title\" content=\"ADGT \u00e0 propos de la semaine des services publics - 2019: la transformation de l&#039;\u00e9nergie! - ADGT\" \/>\n<meta property=\"og:description\" content=\"En novembre de cette ann\u00e9e, nous avons particip\u00e9 \u00e0 la plus grande exposition-conf\u00e9rence de la Semaine europ\u00e9enne des services publics \u00e0 Paris. Le congr\u00e8s \u00e9tait consacr\u00e9 aux solutions modernes pour les r\u00e9seaux \u00e9lectriques &#8211; syst\u00e8mes intelligents de comptage de l&#8217;\u00e9lectricit\u00e9, int\u00e9gration des sources renouvelables et b\u00e2timents intelligents.\" \/>\n<meta property=\"og:url\" content=\"https:\/\/adgt.cz\/fr\/news\/adgt-a-propos-de-la-semaine-des-services-publics-2019-la-transformation-de-lenergie\/\" \/>\n<meta property=\"og:site_name\" content=\"ADGT\" \/>\n<meta property=\"article:modified_time\" content=\"2021-03-29T07:30:48+00:00\" \/>\n<meta property=\"og:image\" content=\"https:\/\/adgt.cz\/wp-content\/uploads\/2020\/10\/ENLIT2019-5-600x420-1.jpg\" \/>\n\t<meta property=\"og:image:width\" content=\"600\" \/>\n\t<meta property=\"og:image:height\" content=\"420\" \/>\n\t<meta property=\"og:image:type\" content=\"image\/jpeg\" \/>\n<meta name=\"twitter:card\" content=\"summary_large_image\" \/>\n<meta name=\"twitter:label1\" content=\"Dur\u00e9e de lecture estim\u00e9e\" \/>\n\t<meta name=\"twitter:data1\" content=\"2 minutes\" \/>\n<script type=\"application\/ld+json\" class=\"yoast-schema-graph\">{\"@context\":\"https:\/\/schema.org\",\"@graph\":[{\"@type\":\"WebPage\",\"@id\":\"https:\/\/adgt.cz\/fr\/news\/adgt-a-propos-de-la-semaine-des-services-publics-2019-la-transformation-de-lenergie\/\",\"url\":\"https:\/\/adgt.cz\/fr\/news\/adgt-a-propos-de-la-semaine-des-services-publics-2019-la-transformation-de-lenergie\/\",\"name\":\"ADGT \u00e0 propos de la semaine des services publics - 2019: la transformation de l'\u00e9nergie! - ADGT\",\"isPartOf\":{\"@id\":\"https:\/\/adgt.cz\/fr\/#website\"},\"primaryImageOfPage\":{\"@id\":\"https:\/\/adgt.cz\/fr\/news\/adgt-a-propos-de-la-semaine-des-services-publics-2019-la-transformation-de-lenergie\/#primaryimage\"},\"image\":{\"@id\":\"https:\/\/adgt.cz\/fr\/news\/adgt-a-propos-de-la-semaine-des-services-publics-2019-la-transformation-de-lenergie\/#primaryimage\"},\"thumbnailUrl\":\"https:\/\/adgt.cz\/wp-content\/uploads\/2020\/10\/ENLIT2019-5-600x420-1.jpg\",\"datePublished\":\"2019-11-15T14:29:47+00:00\",\"dateModified\":\"2021-03-29T07:30:48+00:00\",\"breadcrumb\":{\"@id\":\"https:\/\/adgt.cz\/fr\/news\/adgt-a-propos-de-la-semaine-des-services-publics-2019-la-transformation-de-lenergie\/#breadcrumb\"},\"inLanguage\":\"fr-FR\",\"potentialAction\":[{\"@type\":\"ReadAction\",\"target\":[\"https:\/\/adgt.cz\/fr\/news\/adgt-a-propos-de-la-semaine-des-services-publics-2019-la-transformation-de-lenergie\/\"]}]},{\"@type\":\"ImageObject\",\"inLanguage\":\"fr-FR\",\"@id\":\"https:\/\/adgt.cz\/fr\/news\/adgt-a-propos-de-la-semaine-des-services-publics-2019-la-transformation-de-lenergie\/#primaryimage\",\"url\":\"https:\/\/adgt.cz\/wp-content\/uploads\/2020\/10\/ENLIT2019-5-600x420-1.jpg\",\"contentUrl\":\"https:\/\/adgt.cz\/wp-content\/uploads\/2020\/10\/ENLIT2019-5-600x420-1.jpg\",\"width\":600,\"height\":420},{\"@type\":\"BreadcrumbList\",\"@id\":\"https:\/\/adgt.cz\/fr\/news\/adgt-a-propos-de-la-semaine-des-services-publics-2019-la-transformation-de-lenergie\/#breadcrumb\",\"itemListElement\":[{\"@type\":\"ListItem\",\"position\":1,\"name\":\"Home\",\"item\":\"https:\/\/adgt.cz\/fr\/\"},{\"@type\":\"ListItem\",\"position\":2,\"name\":\"Infos\",\"item\":\"https:\/\/adgt.cz\/fr\/news\/\"},{\"@type\":\"ListItem\",\"position\":3,\"name\":\"ADGT \u00e0 propos de la semaine des services publics &#8211; 2019: la transformation de l&#8217;\u00e9nergie!\"}]},{\"@type\":\"WebSite\",\"@id\":\"https:\/\/adgt.cz\/fr\/#website\",\"url\":\"https:\/\/adgt.cz\/fr\/\",\"name\":\"ADGT\",\"description\":\"Just another WordPress site\",\"publisher\":{\"@id\":\"https:\/\/adgt.cz\/fr\/#organization\"},\"potentialAction\":[{\"@type\":\"SearchAction\",\"target\":{\"@type\":\"EntryPoint\",\"urlTemplate\":\"https:\/\/adgt.cz\/fr\/?s={search_term_string}\"},\"query-input\":{\"@type\":\"PropertyValueSpecification\",\"valueRequired\":true,\"valueName\":\"search_term_string\"}}],\"inLanguage\":\"fr-FR\"},{\"@type\":\"Organization\",\"@id\":\"https:\/\/adgt.cz\/fr\/#organization\",\"name\":\"ADGT\",\"url\":\"https:\/\/adgt.cz\/fr\/\",\"logo\":{\"@type\":\"ImageObject\",\"inLanguage\":\"fr-FR\",\"@id\":\"https:\/\/adgt.cz\/fr\/#\/schema\/logo\/image\/\",\"url\":\"https:\/\/adgt.cz\/wp-content\/uploads\/2020\/09\/ADGT_logo_Magenta.png\",\"contentUrl\":\"https:\/\/adgt.cz\/wp-content\/uploads\/2020\/09\/ADGT_logo_Magenta.png\",\"width\":798,\"height\":208,\"caption\":\"ADGT\"},\"image\":{\"@id\":\"https:\/\/adgt.cz\/fr\/#\/schema\/logo\/image\/\"}}]}<\/script>\n<!-- \/ Yoast SEO plugin. -->","yoast_head_json":{"title":"ADGT \u00e0 propos de la semaine des services publics - 2019: la transformation de l'\u00e9nergie! - ADGT","robots":{"index":"index","follow":"follow","max-snippet":"max-snippet:-1","max-image-preview":"max-image-preview:large","max-video-preview":"max-video-preview:-1"},"canonical":"https:\/\/adgt.cz\/fr\/news\/adgt-a-propos-de-la-semaine-des-services-publics-2019-la-transformation-de-lenergie\/","og_locale":"fr_FR","og_type":"article","og_title":"ADGT \u00e0 propos de la semaine des services publics - 2019: la transformation de l'\u00e9nergie! - ADGT","og_description":"En novembre de cette ann\u00e9e, nous avons particip\u00e9 \u00e0 la plus grande exposition-conf\u00e9rence de la Semaine europ\u00e9enne des services publics \u00e0 Paris. Le congr\u00e8s \u00e9tait consacr\u00e9 aux solutions modernes pour les r\u00e9seaux \u00e9lectriques &#8211; syst\u00e8mes intelligents de comptage de l&#8217;\u00e9lectricit\u00e9, int\u00e9gration des sources renouvelables et b\u00e2timents intelligents.","og_url":"https:\/\/adgt.cz\/fr\/news\/adgt-a-propos-de-la-semaine-des-services-publics-2019-la-transformation-de-lenergie\/","og_site_name":"ADGT","article_modified_time":"2021-03-29T07:30:48+00:00","og_image":[{"width":600,"height":420,"url":"https:\/\/adgt.cz\/wp-content\/uploads\/2020\/10\/ENLIT2019-5-600x420-1.jpg","type":"image\/jpeg"}],"twitter_card":"summary_large_image","twitter_misc":{"Dur\u00e9e de lecture estim\u00e9e":"2 minutes"},"schema":{"@context":"https:\/\/schema.org","@graph":[{"@type":"WebPage","@id":"https:\/\/adgt.cz\/fr\/news\/adgt-a-propos-de-la-semaine-des-services-publics-2019-la-transformation-de-lenergie\/","url":"https:\/\/adgt.cz\/fr\/news\/adgt-a-propos-de-la-semaine-des-services-publics-2019-la-transformation-de-lenergie\/","name":"ADGT \u00e0 propos de la semaine des services publics - 2019: la transformation de l'\u00e9nergie! - ADGT","isPartOf":{"@id":"https:\/\/adgt.cz\/fr\/#website"},"primaryImageOfPage":{"@id":"https:\/\/adgt.cz\/fr\/news\/adgt-a-propos-de-la-semaine-des-services-publics-2019-la-transformation-de-lenergie\/#primaryimage"},"image":{"@id":"https:\/\/adgt.cz\/fr\/news\/adgt-a-propos-de-la-semaine-des-services-publics-2019-la-transformation-de-lenergie\/#primaryimage"},"thumbnailUrl":"https:\/\/adgt.cz\/wp-content\/uploads\/2020\/10\/ENLIT2019-5-600x420-1.jpg","datePublished":"2019-11-15T14:29:47+00:00","dateModified":"2021-03-29T07:30:48+00:00","breadcrumb":{"@id":"https:\/\/adgt.cz\/fr\/news\/adgt-a-propos-de-la-semaine-des-services-publics-2019-la-transformation-de-lenergie\/#breadcrumb"},"inLanguage":"fr-FR","potentialAction":[{"@type":"ReadAction","target":["https:\/\/adgt.cz\/fr\/news\/adgt-a-propos-de-la-semaine-des-services-publics-2019-la-transformation-de-lenergie\/"]}]},{"@type":"ImageObject","inLanguage":"fr-FR","@id":"https:\/\/adgt.cz\/fr\/news\/adgt-a-propos-de-la-semaine-des-services-publics-2019-la-transformation-de-lenergie\/#primaryimage","url":"https:\/\/adgt.cz\/wp-content\/uploads\/2020\/10\/ENLIT2019-5-600x420-1.jpg","contentUrl":"https:\/\/adgt.cz\/wp-content\/uploads\/2020\/10\/ENLIT2019-5-600x420-1.jpg","width":600,"height":420},{"@type":"BreadcrumbList","@id":"https:\/\/adgt.cz\/fr\/news\/adgt-a-propos-de-la-semaine-des-services-publics-2019-la-transformation-de-lenergie\/#breadcrumb","itemListElement":[{"@type":"ListItem","position":1,"name":"Home","item":"https:\/\/adgt.cz\/fr\/"},{"@type":"ListItem","position":2,"name":"Infos","item":"https:\/\/adgt.cz\/fr\/news\/"},{"@type":"ListItem","position":3,"name":"ADGT \u00e0 propos de la semaine des services publics &#8211; 2019: la transformation de l&#8217;\u00e9nergie!"}]},{"@type":"WebSite","@id":"https:\/\/adgt.cz\/fr\/#website","url":"https:\/\/adgt.cz\/fr\/","name":"ADGT","description":"Just another WordPress site","publisher":{"@id":"https:\/\/adgt.cz\/fr\/#organization"},"potentialAction":[{"@type":"SearchAction","target":{"@type":"EntryPoint","urlTemplate":"https:\/\/adgt.cz\/fr\/?s={search_term_string}"},"query-input":{"@type":"PropertyValueSpecification","valueRequired":true,"valueName":"search_term_string"}}],"inLanguage":"fr-FR"},{"@type":"Organization","@id":"https:\/\/adgt.cz\/fr\/#organization","name":"ADGT","url":"https:\/\/adgt.cz\/fr\/","logo":{"@type":"ImageObject","inLanguage":"fr-FR","@id":"https:\/\/adgt.cz\/fr\/#\/schema\/logo\/image\/","url":"https:\/\/adgt.cz\/wp-content\/uploads\/2020\/09\/ADGT_logo_Magenta.png","contentUrl":"https:\/\/adgt.cz\/wp-content\/uploads\/2020\/09\/ADGT_logo_Magenta.png","width":798,"height":208,"caption":"ADGT"},"image":{"@id":"https:\/\/adgt.cz\/fr\/#\/schema\/logo\/image\/"}}]}},"_links":{"self":[{"href":"https:\/\/adgt.cz\/fr\/wp-json\/wp\/v2\/news\/8773"}],"collection":[{"href":"https:\/\/adgt.cz\/fr\/wp-json\/wp\/v2\/news"}],"about":[{"href":"https:\/\/adgt.cz\/fr\/wp-json\/wp\/v2\/types\/news"}],"author":[{"embeddable":true,"href":"https:\/\/adgt.cz\/fr\/wp-json\/wp\/v2\/users\/2"}],"replies":[{"embeddable":true,"href":"https:\/\/adgt.cz\/fr\/wp-json\/wp\/v2\/comments?post=8773"}],"version-history":[{"count":0,"href":"https:\/\/adgt.cz\/fr\/wp-json\/wp\/v2\/news\/8773\/revisions"}],"wp:featuredmedia":[{"embeddable":true,"href":"https:\/\/adgt.cz\/fr\/wp-json\/wp\/v2\/media\/5969"}],"wp:attachment":[{"href":"https:\/\/adgt.cz\/fr\/wp-json\/wp\/v2\/media?parent=8773"}],"wp:term":[{"taxonomy":"post_tag","embeddable":true,"href":"https:\/\/adgt.cz\/fr\/wp-json\/wp\/v2\/tags?post=8773"},{"taxonomy":"news-category","embeddable":true,"href":"https:\/\/adgt.cz\/fr\/wp-json\/wp\/v2\/news-category?post=8773"}],"curies":[{"name":"wp","href":"https:\/\/api.w.org\/{rel}","templated":true}]}}