{"id":8772,"date":"2019-11-11T14:27:00","date_gmt":"2019-11-11T14:27:00","guid":{"rendered":"https:\/\/adgt.cz\/?post_type=news&#038;p=8772"},"modified":"2021-03-29T07:26:20","modified_gmt":"2021-03-29T07:26:20","slug":"adgt-sur-le-congres-mondial-des-solutions-iot-2019","status":"publish","type":"news","link":"https:\/\/adgt.cz\/fr\/news\/adgt-sur-le-congres-mondial-des-solutions-iot-2019\/","title":{"rendered":"ADGT sur le Congr\u00e8s mondial des solutions IOT 2019"},"content":{"rendered":"<p>Cet automne, comme en 2017, nous avons particip\u00e9 au plus grand \u00e9v\u00e9nement technologique. Le congr\u00e8s mondial IOT Solutions 2019 s&#8217;est tenu \u00e0 Barcelone (Espagne) du 29 au 31 octobre. C&#8217;est l&#8217;un des plus grands \u00e9v\u00e9nements dans le domaine de la technologie et de l&#8217;IOT.<\/p><p><!--more--><\/p><p>L&#8217;objectif du congr\u00e8s est de r\u00e9unir des experts, des acteurs majeurs du march\u00e9 des Technologies de l&#8217;Information et des fournisseurs de solutions technologiques pour discuter des sujets d&#8217;actualit\u00e9 de l&#8217;activit\u00e9 des IOT.<\/p><p>IOT Solutions a lieu depuis 2015, mais le congr\u00e8s a d\u00e9j\u00e0 attir\u00e9 environ 16 000 invit\u00e9s de plus de 220 pays. Les participants, les sponsors et les partenaires de l&#8217;\u00e9v\u00e9nement font la d\u00e9monstration des solutions les plus avanc\u00e9es et les plus innovantes en exposant leurs \u00e9quipements sur des stands (au fait, 32 000 m\u00e8tres carr\u00e9s leur sont allou\u00e9s !). Le programme IOT Solutions est consacr\u00e9 \u00e0 la transformation num\u00e9rique dans diverses industries et est divis\u00e9 en 9 blocs : transport, fabrication, soins de sant\u00e9, \u00e9nergie et services publics, b\u00e2timents et infrastructures, industrie, capacit\u00e9s IOT, cha\u00eene de blocs et intelligence artificielle. Plus de 400 conf\u00e9renciers experts ont rencontr\u00e9 les visiteurs du Congr\u00e8s en 3 jours!<\/p><p>Comme il y a deux ans, notre \u00e9quipement a \u00e9t\u00e9 pr\u00e9sent\u00e9 sur le stand de notre partenaire, le fabricant de modules modems Quectel. Merci pour cette coop\u00e9ration mutuellement b\u00e9n\u00e9fique \u00e0 long terme!<\/p><p>L&#8217;\u00e9quipe de l&#8217;ADGT a particip\u00e9 \u00e0 l&#8217;\u00e9v\u00e9nement pour rencontrer ses partenaires commerciaux. Gr\u00e2ce \u00e0 l&#8217;exposition, nous avons \u00e9tabli de nouveaux contacts et avons \u00e9t\u00e9 inspir\u00e9s par les r\u00e9alisations de nos coll\u00e8gues et avons acquis une exp\u00e9rience importante.<\/p><figure class=\"wp-block-gallery columns-2 wp-block-gallery-1 is-layout-flex wp-block-gallery-is-layout-flex\"><ul class=\"blocks-gallery-grid\"><li class=\"blocks-gallery-item\"><figure><img loading=\"lazy\" decoding=\"async\" width=\"500\" height=\"374\" src=\"https:\/\/adgt.cz\/wp-content\/uploads\/2020\/09\/IMG_20191029_143220.jpg\" alt=\"\" data-id=\"3569\" data-full-url=\"https:\/\/adgt.cz\/wp-content\/uploads\/2020\/09\/IMG_20191029_143220.jpg\" data-link=\"https:\/\/adgt.cz\/?attachment_id=3569\" class=\"wp-image-5270\" srcset=\"https:\/\/adgt.cz\/wp-content\/uploads\/2020\/09\/IMG_20191029_143220.jpg 500w, https:\/\/adgt.cz\/wp-content\/uploads\/2020\/09\/IMG_20191029_143220-300x224.jpg 300w, https:\/\/adgt.cz\/wp-content\/uploads\/2020\/09\/IMG_20191029_143220-480x359.jpg 480w\" sizes=\"(max-width: 500px) 100vw, 500px\" \/><\/figure><\/li><li class=\"blocks-gallery-item\"><figure><img loading=\"lazy\" decoding=\"async\" width=\"500\" height=\"374\" src=\"https:\/\/adgt.cz\/wp-content\/uploads\/2020\/09\/ISWC2019.jpg\" alt=\"\" data-id=\"3570\" data-full-url=\"https:\/\/adgt.cz\/wp-content\/uploads\/2020\/09\/ISWC2019.jpg\" data-link=\"https:\/\/adgt.cz\/?attachment_id=3570\" class=\"wp-image-5274\" srcset=\"https:\/\/adgt.cz\/wp-content\/uploads\/2020\/09\/ISWC2019.jpg 500w, https:\/\/adgt.cz\/wp-content\/uploads\/2020\/09\/ISWC2019-300x224.jpg 300w, https:\/\/adgt.cz\/wp-content\/uploads\/2020\/09\/ISWC2019-480x359.jpg 480w\" sizes=\"(max-width: 500px) 100vw, 500px\" \/><\/figure><\/li><\/ul><\/figure>","protected":false},"excerpt":{"rendered":"<p>Cet automne, comme en 2017, nous avons particip\u00e9 au plus grand \u00e9v\u00e9nement technologique. Le congr\u00e8s mondial IOT Solutions 2019 s&#8217;est tenu \u00e0 Barcelone (Espagne) du 29 au 31 octobre. C&#8217;est l&#8217;un des plus grands \u00e9v\u00e9nements dans le domaine de la technologie et de l&#8217;IOT.<\/p>\n","protected":false},"author":2,"featured_media":5278,"comment_status":"closed","ping_status":"closed","template":"","tags":[],"news-category":[],"class_list":["post-8772","news","type-news","status-publish","has-post-thumbnail","hentry"],"yoast_head":"<!-- This site is optimized with the Yoast SEO plugin v23.5 - https:\/\/yoast.com\/wordpress\/plugins\/seo\/ -->\n<title>ADGT sur le Congr\u00e8s mondial des solutions IOT 2019 - ADGT<\/title>\n<meta name=\"robots\" content=\"index, follow, max-snippet:-1, max-image-preview:large, max-video-preview:-1\" \/>\n<link rel=\"canonical\" href=\"https:\/\/adgt.cz\/fr\/news\/adgt-sur-le-congres-mondial-des-solutions-iot-2019\/\" \/>\n<meta property=\"og:locale\" content=\"fr_FR\" \/>\n<meta property=\"og:type\" content=\"article\" \/>\n<meta property=\"og:title\" content=\"ADGT sur le Congr\u00e8s mondial des solutions IOT 2019 - ADGT\" \/>\n<meta property=\"og:description\" content=\"Cet automne, comme en 2017, nous avons particip\u00e9 au plus grand \u00e9v\u00e9nement technologique. Le congr\u00e8s mondial IOT Solutions 2019 s&#8217;est tenu \u00e0 Barcelone (Espagne) du 29 au 31 octobre. C&#8217;est l&#8217;un des plus grands \u00e9v\u00e9nements dans le domaine de la technologie et de l&#8217;IOT.\" \/>\n<meta property=\"og:url\" content=\"https:\/\/adgt.cz\/fr\/news\/adgt-sur-le-congres-mondial-des-solutions-iot-2019\/\" \/>\n<meta property=\"og:site_name\" content=\"ADGT\" \/>\n<meta property=\"article:modified_time\" content=\"2021-03-29T07:26:20+00:00\" \/>\n<meta property=\"og:image\" content=\"https:\/\/adgt.cz\/wp-content\/uploads\/2020\/09\/IMG_20191030_170302-1.jpg\" \/>\n\t<meta property=\"og:image:width\" content=\"500\" \/>\n\t<meta property=\"og:image:height\" content=\"375\" \/>\n\t<meta property=\"og:image:type\" content=\"image\/jpeg\" \/>\n<meta name=\"twitter:card\" content=\"summary_large_image\" \/>\n<meta name=\"twitter:label1\" content=\"Dur\u00e9e de lecture estim\u00e9e\" \/>\n\t<meta name=\"twitter:data1\" content=\"1 minute\" \/>\n<script type=\"application\/ld+json\" class=\"yoast-schema-graph\">{\"@context\":\"https:\/\/schema.org\",\"@graph\":[{\"@type\":\"WebPage\",\"@id\":\"https:\/\/adgt.cz\/fr\/news\/adgt-sur-le-congres-mondial-des-solutions-iot-2019\/\",\"url\":\"https:\/\/adgt.cz\/fr\/news\/adgt-sur-le-congres-mondial-des-solutions-iot-2019\/\",\"name\":\"ADGT sur le Congr\u00e8s mondial des solutions IOT 2019 - ADGT\",\"isPartOf\":{\"@id\":\"https:\/\/adgt.cz\/fr\/#website\"},\"primaryImageOfPage\":{\"@id\":\"https:\/\/adgt.cz\/fr\/news\/adgt-sur-le-congres-mondial-des-solutions-iot-2019\/#primaryimage\"},\"image\":{\"@id\":\"https:\/\/adgt.cz\/fr\/news\/adgt-sur-le-congres-mondial-des-solutions-iot-2019\/#primaryimage\"},\"thumbnailUrl\":\"https:\/\/adgt.cz\/wp-content\/uploads\/2020\/09\/IMG_20191030_170302-1.jpg\",\"datePublished\":\"2019-11-11T14:27:00+00:00\",\"dateModified\":\"2021-03-29T07:26:20+00:00\",\"breadcrumb\":{\"@id\":\"https:\/\/adgt.cz\/fr\/news\/adgt-sur-le-congres-mondial-des-solutions-iot-2019\/#breadcrumb\"},\"inLanguage\":\"fr-FR\",\"potentialAction\":[{\"@type\":\"ReadAction\",\"target\":[\"https:\/\/adgt.cz\/fr\/news\/adgt-sur-le-congres-mondial-des-solutions-iot-2019\/\"]}]},{\"@type\":\"ImageObject\",\"inLanguage\":\"fr-FR\",\"@id\":\"https:\/\/adgt.cz\/fr\/news\/adgt-sur-le-congres-mondial-des-solutions-iot-2019\/#primaryimage\",\"url\":\"https:\/\/adgt.cz\/wp-content\/uploads\/2020\/09\/IMG_20191030_170302-1.jpg\",\"contentUrl\":\"https:\/\/adgt.cz\/wp-content\/uploads\/2020\/09\/IMG_20191030_170302-1.jpg\",\"width\":500,\"height\":375},{\"@type\":\"BreadcrumbList\",\"@id\":\"https:\/\/adgt.cz\/fr\/news\/adgt-sur-le-congres-mondial-des-solutions-iot-2019\/#breadcrumb\",\"itemListElement\":[{\"@type\":\"ListItem\",\"position\":1,\"name\":\"Home\",\"item\":\"https:\/\/adgt.cz\/fr\/\"},{\"@type\":\"ListItem\",\"position\":2,\"name\":\"Infos\",\"item\":\"https:\/\/adgt.cz\/fr\/news\/\"},{\"@type\":\"ListItem\",\"position\":3,\"name\":\"ADGT sur le Congr\u00e8s mondial des solutions IOT 2019\"}]},{\"@type\":\"WebSite\",\"@id\":\"https:\/\/adgt.cz\/fr\/#website\",\"url\":\"https:\/\/adgt.cz\/fr\/\",\"name\":\"ADGT\",\"description\":\"Just another WordPress site\",\"publisher\":{\"@id\":\"https:\/\/adgt.cz\/fr\/#organization\"},\"potentialAction\":[{\"@type\":\"SearchAction\",\"target\":{\"@type\":\"EntryPoint\",\"urlTemplate\":\"https:\/\/adgt.cz\/fr\/?s={search_term_string}\"},\"query-input\":{\"@type\":\"PropertyValueSpecification\",\"valueRequired\":true,\"valueName\":\"search_term_string\"}}],\"inLanguage\":\"fr-FR\"},{\"@type\":\"Organization\",\"@id\":\"https:\/\/adgt.cz\/fr\/#organization\",\"name\":\"ADGT\",\"url\":\"https:\/\/adgt.cz\/fr\/\",\"logo\":{\"@type\":\"ImageObject\",\"inLanguage\":\"fr-FR\",\"@id\":\"https:\/\/adgt.cz\/fr\/#\/schema\/logo\/image\/\",\"url\":\"https:\/\/adgt.cz\/wp-content\/uploads\/2020\/09\/ADGT_logo_Magenta.png\",\"contentUrl\":\"https:\/\/adgt.cz\/wp-content\/uploads\/2020\/09\/ADGT_logo_Magenta.png\",\"width\":798,\"height\":208,\"caption\":\"ADGT\"},\"image\":{\"@id\":\"https:\/\/adgt.cz\/fr\/#\/schema\/logo\/image\/\"}}]}<\/script>\n<!-- \/ Yoast SEO plugin. -->","yoast_head_json":{"title":"ADGT sur le Congr\u00e8s mondial des solutions IOT 2019 - ADGT","robots":{"index":"index","follow":"follow","max-snippet":"max-snippet:-1","max-image-preview":"max-image-preview:large","max-video-preview":"max-video-preview:-1"},"canonical":"https:\/\/adgt.cz\/fr\/news\/adgt-sur-le-congres-mondial-des-solutions-iot-2019\/","og_locale":"fr_FR","og_type":"article","og_title":"ADGT sur le Congr\u00e8s mondial des solutions IOT 2019 - ADGT","og_description":"Cet automne, comme en 2017, nous avons particip\u00e9 au plus grand \u00e9v\u00e9nement technologique. Le congr\u00e8s mondial IOT Solutions 2019 s&#8217;est tenu \u00e0 Barcelone (Espagne) du 29 au 31 octobre. C&#8217;est l&#8217;un des plus grands \u00e9v\u00e9nements dans le domaine de la technologie et de l&#8217;IOT.","og_url":"https:\/\/adgt.cz\/fr\/news\/adgt-sur-le-congres-mondial-des-solutions-iot-2019\/","og_site_name":"ADGT","article_modified_time":"2021-03-29T07:26:20+00:00","og_image":[{"width":500,"height":375,"url":"https:\/\/adgt.cz\/wp-content\/uploads\/2020\/09\/IMG_20191030_170302-1.jpg","type":"image\/jpeg"}],"twitter_card":"summary_large_image","twitter_misc":{"Dur\u00e9e de lecture estim\u00e9e":"1 minute"},"schema":{"@context":"https:\/\/schema.org","@graph":[{"@type":"WebPage","@id":"https:\/\/adgt.cz\/fr\/news\/adgt-sur-le-congres-mondial-des-solutions-iot-2019\/","url":"https:\/\/adgt.cz\/fr\/news\/adgt-sur-le-congres-mondial-des-solutions-iot-2019\/","name":"ADGT sur le Congr\u00e8s mondial des solutions IOT 2019 - ADGT","isPartOf":{"@id":"https:\/\/adgt.cz\/fr\/#website"},"primaryImageOfPage":{"@id":"https:\/\/adgt.cz\/fr\/news\/adgt-sur-le-congres-mondial-des-solutions-iot-2019\/#primaryimage"},"image":{"@id":"https:\/\/adgt.cz\/fr\/news\/adgt-sur-le-congres-mondial-des-solutions-iot-2019\/#primaryimage"},"thumbnailUrl":"https:\/\/adgt.cz\/wp-content\/uploads\/2020\/09\/IMG_20191030_170302-1.jpg","datePublished":"2019-11-11T14:27:00+00:00","dateModified":"2021-03-29T07:26:20+00:00","breadcrumb":{"@id":"https:\/\/adgt.cz\/fr\/news\/adgt-sur-le-congres-mondial-des-solutions-iot-2019\/#breadcrumb"},"inLanguage":"fr-FR","potentialAction":[{"@type":"ReadAction","target":["https:\/\/adgt.cz\/fr\/news\/adgt-sur-le-congres-mondial-des-solutions-iot-2019\/"]}]},{"@type":"ImageObject","inLanguage":"fr-FR","@id":"https:\/\/adgt.cz\/fr\/news\/adgt-sur-le-congres-mondial-des-solutions-iot-2019\/#primaryimage","url":"https:\/\/adgt.cz\/wp-content\/uploads\/2020\/09\/IMG_20191030_170302-1.jpg","contentUrl":"https:\/\/adgt.cz\/wp-content\/uploads\/2020\/09\/IMG_20191030_170302-1.jpg","width":500,"height":375},{"@type":"BreadcrumbList","@id":"https:\/\/adgt.cz\/fr\/news\/adgt-sur-le-congres-mondial-des-solutions-iot-2019\/#breadcrumb","itemListElement":[{"@type":"ListItem","position":1,"name":"Home","item":"https:\/\/adgt.cz\/fr\/"},{"@type":"ListItem","position":2,"name":"Infos","item":"https:\/\/adgt.cz\/fr\/news\/"},{"@type":"ListItem","position":3,"name":"ADGT sur le Congr\u00e8s mondial des solutions IOT 2019"}]},{"@type":"WebSite","@id":"https:\/\/adgt.cz\/fr\/#website","url":"https:\/\/adgt.cz\/fr\/","name":"ADGT","description":"Just another WordPress site","publisher":{"@id":"https:\/\/adgt.cz\/fr\/#organization"},"potentialAction":[{"@type":"SearchAction","target":{"@type":"EntryPoint","urlTemplate":"https:\/\/adgt.cz\/fr\/?s={search_term_string}"},"query-input":{"@type":"PropertyValueSpecification","valueRequired":true,"valueName":"search_term_string"}}],"inLanguage":"fr-FR"},{"@type":"Organization","@id":"https:\/\/adgt.cz\/fr\/#organization","name":"ADGT","url":"https:\/\/adgt.cz\/fr\/","logo":{"@type":"ImageObject","inLanguage":"fr-FR","@id":"https:\/\/adgt.cz\/fr\/#\/schema\/logo\/image\/","url":"https:\/\/adgt.cz\/wp-content\/uploads\/2020\/09\/ADGT_logo_Magenta.png","contentUrl":"https:\/\/adgt.cz\/wp-content\/uploads\/2020\/09\/ADGT_logo_Magenta.png","width":798,"height":208,"caption":"ADGT"},"image":{"@id":"https:\/\/adgt.cz\/fr\/#\/schema\/logo\/image\/"}}]}},"_links":{"self":[{"href":"https:\/\/adgt.cz\/fr\/wp-json\/wp\/v2\/news\/8772"}],"collection":[{"href":"https:\/\/adgt.cz\/fr\/wp-json\/wp\/v2\/news"}],"about":[{"href":"https:\/\/adgt.cz\/fr\/wp-json\/wp\/v2\/types\/news"}],"author":[{"embeddable":true,"href":"https:\/\/adgt.cz\/fr\/wp-json\/wp\/v2\/users\/2"}],"replies":[{"embeddable":true,"href":"https:\/\/adgt.cz\/fr\/wp-json\/wp\/v2\/comments?post=8772"}],"version-history":[{"count":0,"href":"https:\/\/adgt.cz\/fr\/wp-json\/wp\/v2\/news\/8772\/revisions"}],"wp:featuredmedia":[{"embeddable":true,"href":"https:\/\/adgt.cz\/fr\/wp-json\/wp\/v2\/media\/5278"}],"wp:attachment":[{"href":"https:\/\/adgt.cz\/fr\/wp-json\/wp\/v2\/media?parent=8772"}],"wp:term":[{"taxonomy":"post_tag","embeddable":true,"href":"https:\/\/adgt.cz\/fr\/wp-json\/wp\/v2\/tags?post=8772"},{"taxonomy":"news-category","embeddable":true,"href":"https:\/\/adgt.cz\/fr\/wp-json\/wp\/v2\/news-category?post=8772"}],"curies":[{"name":"wp","href":"https:\/\/api.w.org\/{rel}","templated":true}]}}