{"id":8694,"date":"2019-11-15T11:13:36","date_gmt":"2019-11-15T11:13:36","guid":{"rendered":"https:\/\/adgt.cz\/?post_type=news&#038;p=8694"},"modified":"2021-03-29T07:33:04","modified_gmt":"2021-03-29T07:33:04","slug":"adgt-en-la-semana-de-la-utilidad-2019-transformacion-de-la-energia","status":"publish","type":"news","link":"https:\/\/adgt.cz\/es\/news\/adgt-en-la-semana-de-la-utilidad-2019-transformacion-de-la-energia\/","title":{"rendered":"ADGT en la Semana de la Utilidad &#8211; 2019: \u00a1transformaci\u00f3n de la energ\u00eda!"},"content":{"rendered":"<p>En noviembre de este a\u00f1o participamos en la mayor exposici\u00f3n-conferencia de la Semana Europea de la Utilidad en Par\u00eds. El congreso se dedic\u00f3 a las soluciones modernas para las redes el\u00e9ctricas: sistemas inteligentes de medici\u00f3n de electricidad, integraci\u00f3n de fuentes renovables y edificios inteligentes.<\/p><p><!--more--><\/p><p>La exposici\u00f3n se pas\u00f3 bajo una nueva marca unificadora: La Semana Europea de la Utilidad se uni\u00f3 a POWERGEN Europa y cre\u00f3 Enlit. Los eventos se celebraron bajo el lac\u00f3nico nombre de la plataforma de negocios creada.<\/p><p>&#8220;\u00bfQu\u00e9 pasar\u00eda si &#8230;. todo el sector pudiera conectarse para dar forma al futuro energ\u00e9tico del mundo?&#8221; &#8211; pregunta Enlit, y esto sugiere que los organizadores tienen grandes planes. La co-ubicaci\u00f3n de la Semana de la Utilidad Europea y POWERGEN Europa fue el primer paso para proveer una plataforma para la transici\u00f3n energ\u00e9tica, en el 2019. Esta plataforma est\u00e1 dise\u00f1ada para cambiar la experiencia pr\u00e1ctica y desarrollar soluciones combinadas para toda la cadena de suministro de energ\u00eda, desde la generaci\u00f3n de energ\u00eda hasta el uso final, bajo un mismo techo.<br><br>Parte de los informes se dedic\u00f3 a los dispositivos de medici\u00f3n de electricidad, agua y gas y a su papel en la transformaci\u00f3n de la energ\u00eda mundial. Las empresas expositoras a\u00f1adieron la teor\u00eda con la pr\u00e1ctica y demostraron los \u00faltimos avances en los stands.<br><br>Tambi\u00e9n presentamos uno de nuestros productos en el stand de Quectel: el <a href=\"https:\/\/adgt.cz\/es\/product-category\/data-loggers\/\" target=\"_blank\" rel=\"noreferrer noopener\">registrador de datos DTU NB-IoT<\/a> para la medici\u00f3n inteligente del agua. Registrador de datos alimentado por bater\u00eda dise\u00f1ado para asegurar un control preciso de los recursos remotos (electricidad, gas, calor y agua). El DTU27 proporciona una recogida de datos automatizada de los contadores con salida de impulsos, almacena las lecturas en una memoria no vol\u00e1til y las transmite al servidor de despacho a trav\u00e9s del m\u00f3dem celular incorporado en la red NB-IoT.<\/p><figure class=\"wp-block-image size-large\"><img loading=\"lazy\" decoding=\"async\" width=\"600\" height=\"384\" src=\"https:\/\/adgt.cz\/wp-content\/uploads\/2020\/09\/DTU27-1-600x384-1.jpg\" alt=\"\" class=\"wp-image-5285\" srcset=\"https:\/\/adgt.cz\/wp-content\/uploads\/2020\/09\/DTU27-1-600x384-1.jpg 600w, https:\/\/adgt.cz\/wp-content\/uploads\/2020\/09\/DTU27-1-600x384-1-300x192.jpg 300w, https:\/\/adgt.cz\/wp-content\/uploads\/2020\/09\/DTU27-1-600x384-1-480x307.jpg 480w\" sizes=\"(max-width: 600px) 100vw, 600px\" \/><\/figure><p>La Semana Europea de la Utilidad reuni\u00f3 a m\u00e1s de 18.000 l\u00edderes de opini\u00f3n y profesionales europeos en torno a los descubrimientos y soluciones de utilidad m\u00e1s exitosos del mundo.<\/p><p>La Semana Europea de la Utilidad es el evento m\u00e1s importante para la industria de la energ\u00eda. Esperamos visitarla el a\u00f1o que viene!<\/p>","protected":false},"excerpt":{"rendered":"<p>En noviembre de este a\u00f1o participamos en la mayor exposici\u00f3n-conferencia de la Semana Europea de la Utilidad en Par\u00eds. El congreso se dedic\u00f3 a las soluciones modernas para las redes el\u00e9ctricas: sistemas inteligentes de medici\u00f3n de electricidad, integraci\u00f3n de fuentes renovables y edificios inteligentes.<\/p>\n","protected":false},"author":2,"featured_media":5972,"comment_status":"closed","ping_status":"closed","template":"","tags":[],"news-category":[],"class_list":["post-8694","news","type-news","status-publish","has-post-thumbnail","hentry"],"yoast_head":"<!-- This site is optimized with the Yoast SEO plugin v23.5 - https:\/\/yoast.com\/wordpress\/plugins\/seo\/ -->\n<title>ADGT en la Semana de la Utilidad - 2019: \u00a1transformaci\u00f3n de la energ\u00eda! - ADGT<\/title>\n<meta name=\"robots\" content=\"index, follow, max-snippet:-1, max-image-preview:large, max-video-preview:-1\" \/>\n<link rel=\"canonical\" href=\"https:\/\/adgt.cz\/es\/news\/adgt-en-la-semana-de-la-utilidad-2019-transformacion-de-la-energia\/\" \/>\n<meta property=\"og:locale\" content=\"es_ES\" \/>\n<meta property=\"og:type\" content=\"article\" \/>\n<meta property=\"og:title\" content=\"ADGT en la Semana de la Utilidad - 2019: \u00a1transformaci\u00f3n de la energ\u00eda! - ADGT\" \/>\n<meta property=\"og:description\" content=\"En noviembre de este a\u00f1o participamos en la mayor exposici\u00f3n-conferencia de la Semana Europea de la Utilidad en Par\u00eds. El congreso se dedic\u00f3 a las soluciones modernas para las redes el\u00e9ctricas: sistemas inteligentes de medici\u00f3n de electricidad, integraci\u00f3n de fuentes renovables y edificios inteligentes.\" \/>\n<meta property=\"og:url\" content=\"https:\/\/adgt.cz\/es\/news\/adgt-en-la-semana-de-la-utilidad-2019-transformacion-de-la-energia\/\" \/>\n<meta property=\"og:site_name\" content=\"ADGT\" \/>\n<meta property=\"article:modified_time\" content=\"2021-03-29T07:33:04+00:00\" \/>\n<meta property=\"og:image\" content=\"https:\/\/adgt.cz\/wp-content\/uploads\/2020\/10\/ENLIT2019-5-600x420-1.jpg\" \/>\n\t<meta property=\"og:image:width\" content=\"600\" \/>\n\t<meta property=\"og:image:height\" content=\"420\" \/>\n\t<meta property=\"og:image:type\" content=\"image\/jpeg\" \/>\n<meta name=\"twitter:card\" content=\"summary_large_image\" \/>\n<meta name=\"twitter:label1\" content=\"Tiempo de lectura\" \/>\n\t<meta name=\"twitter:data1\" content=\"2 minutos\" \/>\n<script type=\"application\/ld+json\" class=\"yoast-schema-graph\">{\"@context\":\"https:\/\/schema.org\",\"@graph\":[{\"@type\":\"WebPage\",\"@id\":\"https:\/\/adgt.cz\/es\/news\/adgt-en-la-semana-de-la-utilidad-2019-transformacion-de-la-energia\/\",\"url\":\"https:\/\/adgt.cz\/es\/news\/adgt-en-la-semana-de-la-utilidad-2019-transformacion-de-la-energia\/\",\"name\":\"ADGT en la Semana de la Utilidad - 2019: \u00a1transformaci\u00f3n de la energ\u00eda! - ADGT\",\"isPartOf\":{\"@id\":\"https:\/\/adgt.cz\/es\/#website\"},\"primaryImageOfPage\":{\"@id\":\"https:\/\/adgt.cz\/es\/news\/adgt-en-la-semana-de-la-utilidad-2019-transformacion-de-la-energia\/#primaryimage\"},\"image\":{\"@id\":\"https:\/\/adgt.cz\/es\/news\/adgt-en-la-semana-de-la-utilidad-2019-transformacion-de-la-energia\/#primaryimage\"},\"thumbnailUrl\":\"https:\/\/adgt.cz\/wp-content\/uploads\/2020\/10\/ENLIT2019-5-600x420-1.jpg\",\"datePublished\":\"2019-11-15T11:13:36+00:00\",\"dateModified\":\"2021-03-29T07:33:04+00:00\",\"breadcrumb\":{\"@id\":\"https:\/\/adgt.cz\/es\/news\/adgt-en-la-semana-de-la-utilidad-2019-transformacion-de-la-energia\/#breadcrumb\"},\"inLanguage\":\"es\",\"potentialAction\":[{\"@type\":\"ReadAction\",\"target\":[\"https:\/\/adgt.cz\/es\/news\/adgt-en-la-semana-de-la-utilidad-2019-transformacion-de-la-energia\/\"]}]},{\"@type\":\"ImageObject\",\"inLanguage\":\"es\",\"@id\":\"https:\/\/adgt.cz\/es\/news\/adgt-en-la-semana-de-la-utilidad-2019-transformacion-de-la-energia\/#primaryimage\",\"url\":\"https:\/\/adgt.cz\/wp-content\/uploads\/2020\/10\/ENLIT2019-5-600x420-1.jpg\",\"contentUrl\":\"https:\/\/adgt.cz\/wp-content\/uploads\/2020\/10\/ENLIT2019-5-600x420-1.jpg\",\"width\":600,\"height\":420},{\"@type\":\"BreadcrumbList\",\"@id\":\"https:\/\/adgt.cz\/es\/news\/adgt-en-la-semana-de-la-utilidad-2019-transformacion-de-la-energia\/#breadcrumb\",\"itemListElement\":[{\"@type\":\"ListItem\",\"position\":1,\"name\":\"Home\",\"item\":\"https:\/\/adgt.cz\/es\/\"},{\"@type\":\"ListItem\",\"position\":2,\"name\":\"News\",\"item\":\"https:\/\/adgt.cz\/es\/news\/\"},{\"@type\":\"ListItem\",\"position\":3,\"name\":\"ADGT en la Semana de la Utilidad &#8211; 2019: \u00a1transformaci\u00f3n de la energ\u00eda!\"}]},{\"@type\":\"WebSite\",\"@id\":\"https:\/\/adgt.cz\/es\/#website\",\"url\":\"https:\/\/adgt.cz\/es\/\",\"name\":\"ADGT\",\"description\":\"Just another WordPress site\",\"publisher\":{\"@id\":\"https:\/\/adgt.cz\/es\/#organization\"},\"potentialAction\":[{\"@type\":\"SearchAction\",\"target\":{\"@type\":\"EntryPoint\",\"urlTemplate\":\"https:\/\/adgt.cz\/es\/?s={search_term_string}\"},\"query-input\":{\"@type\":\"PropertyValueSpecification\",\"valueRequired\":true,\"valueName\":\"search_term_string\"}}],\"inLanguage\":\"es\"},{\"@type\":\"Organization\",\"@id\":\"https:\/\/adgt.cz\/es\/#organization\",\"name\":\"ADGT\",\"url\":\"https:\/\/adgt.cz\/es\/\",\"logo\":{\"@type\":\"ImageObject\",\"inLanguage\":\"es\",\"@id\":\"https:\/\/adgt.cz\/es\/#\/schema\/logo\/image\/\",\"url\":\"https:\/\/adgt.cz\/wp-content\/uploads\/2020\/09\/ADGT_logo_Magenta.png\",\"contentUrl\":\"https:\/\/adgt.cz\/wp-content\/uploads\/2020\/09\/ADGT_logo_Magenta.png\",\"width\":798,\"height\":208,\"caption\":\"ADGT\"},\"image\":{\"@id\":\"https:\/\/adgt.cz\/es\/#\/schema\/logo\/image\/\"}}]}<\/script>\n<!-- \/ Yoast SEO plugin. -->","yoast_head_json":{"title":"ADGT en la Semana de la Utilidad - 2019: \u00a1transformaci\u00f3n de la energ\u00eda! - ADGT","robots":{"index":"index","follow":"follow","max-snippet":"max-snippet:-1","max-image-preview":"max-image-preview:large","max-video-preview":"max-video-preview:-1"},"canonical":"https:\/\/adgt.cz\/es\/news\/adgt-en-la-semana-de-la-utilidad-2019-transformacion-de-la-energia\/","og_locale":"es_ES","og_type":"article","og_title":"ADGT en la Semana de la Utilidad - 2019: \u00a1transformaci\u00f3n de la energ\u00eda! - ADGT","og_description":"En noviembre de este a\u00f1o participamos en la mayor exposici\u00f3n-conferencia de la Semana Europea de la Utilidad en Par\u00eds. El congreso se dedic\u00f3 a las soluciones modernas para las redes el\u00e9ctricas: sistemas inteligentes de medici\u00f3n de electricidad, integraci\u00f3n de fuentes renovables y edificios inteligentes.","og_url":"https:\/\/adgt.cz\/es\/news\/adgt-en-la-semana-de-la-utilidad-2019-transformacion-de-la-energia\/","og_site_name":"ADGT","article_modified_time":"2021-03-29T07:33:04+00:00","og_image":[{"width":600,"height":420,"url":"https:\/\/adgt.cz\/wp-content\/uploads\/2020\/10\/ENLIT2019-5-600x420-1.jpg","type":"image\/jpeg"}],"twitter_card":"summary_large_image","twitter_misc":{"Tiempo de lectura":"2 minutos"},"schema":{"@context":"https:\/\/schema.org","@graph":[{"@type":"WebPage","@id":"https:\/\/adgt.cz\/es\/news\/adgt-en-la-semana-de-la-utilidad-2019-transformacion-de-la-energia\/","url":"https:\/\/adgt.cz\/es\/news\/adgt-en-la-semana-de-la-utilidad-2019-transformacion-de-la-energia\/","name":"ADGT en la Semana de la Utilidad - 2019: \u00a1transformaci\u00f3n de la energ\u00eda! - ADGT","isPartOf":{"@id":"https:\/\/adgt.cz\/es\/#website"},"primaryImageOfPage":{"@id":"https:\/\/adgt.cz\/es\/news\/adgt-en-la-semana-de-la-utilidad-2019-transformacion-de-la-energia\/#primaryimage"},"image":{"@id":"https:\/\/adgt.cz\/es\/news\/adgt-en-la-semana-de-la-utilidad-2019-transformacion-de-la-energia\/#primaryimage"},"thumbnailUrl":"https:\/\/adgt.cz\/wp-content\/uploads\/2020\/10\/ENLIT2019-5-600x420-1.jpg","datePublished":"2019-11-15T11:13:36+00:00","dateModified":"2021-03-29T07:33:04+00:00","breadcrumb":{"@id":"https:\/\/adgt.cz\/es\/news\/adgt-en-la-semana-de-la-utilidad-2019-transformacion-de-la-energia\/#breadcrumb"},"inLanguage":"es","potentialAction":[{"@type":"ReadAction","target":["https:\/\/adgt.cz\/es\/news\/adgt-en-la-semana-de-la-utilidad-2019-transformacion-de-la-energia\/"]}]},{"@type":"ImageObject","inLanguage":"es","@id":"https:\/\/adgt.cz\/es\/news\/adgt-en-la-semana-de-la-utilidad-2019-transformacion-de-la-energia\/#primaryimage","url":"https:\/\/adgt.cz\/wp-content\/uploads\/2020\/10\/ENLIT2019-5-600x420-1.jpg","contentUrl":"https:\/\/adgt.cz\/wp-content\/uploads\/2020\/10\/ENLIT2019-5-600x420-1.jpg","width":600,"height":420},{"@type":"BreadcrumbList","@id":"https:\/\/adgt.cz\/es\/news\/adgt-en-la-semana-de-la-utilidad-2019-transformacion-de-la-energia\/#breadcrumb","itemListElement":[{"@type":"ListItem","position":1,"name":"Home","item":"https:\/\/adgt.cz\/es\/"},{"@type":"ListItem","position":2,"name":"News","item":"https:\/\/adgt.cz\/es\/news\/"},{"@type":"ListItem","position":3,"name":"ADGT en la Semana de la Utilidad &#8211; 2019: \u00a1transformaci\u00f3n de la energ\u00eda!"}]},{"@type":"WebSite","@id":"https:\/\/adgt.cz\/es\/#website","url":"https:\/\/adgt.cz\/es\/","name":"ADGT","description":"Just another WordPress site","publisher":{"@id":"https:\/\/adgt.cz\/es\/#organization"},"potentialAction":[{"@type":"SearchAction","target":{"@type":"EntryPoint","urlTemplate":"https:\/\/adgt.cz\/es\/?s={search_term_string}"},"query-input":{"@type":"PropertyValueSpecification","valueRequired":true,"valueName":"search_term_string"}}],"inLanguage":"es"},{"@type":"Organization","@id":"https:\/\/adgt.cz\/es\/#organization","name":"ADGT","url":"https:\/\/adgt.cz\/es\/","logo":{"@type":"ImageObject","inLanguage":"es","@id":"https:\/\/adgt.cz\/es\/#\/schema\/logo\/image\/","url":"https:\/\/adgt.cz\/wp-content\/uploads\/2020\/09\/ADGT_logo_Magenta.png","contentUrl":"https:\/\/adgt.cz\/wp-content\/uploads\/2020\/09\/ADGT_logo_Magenta.png","width":798,"height":208,"caption":"ADGT"},"image":{"@id":"https:\/\/adgt.cz\/es\/#\/schema\/logo\/image\/"}}]}},"_links":{"self":[{"href":"https:\/\/adgt.cz\/es\/wp-json\/wp\/v2\/news\/8694"}],"collection":[{"href":"https:\/\/adgt.cz\/es\/wp-json\/wp\/v2\/news"}],"about":[{"href":"https:\/\/adgt.cz\/es\/wp-json\/wp\/v2\/types\/news"}],"author":[{"embeddable":true,"href":"https:\/\/adgt.cz\/es\/wp-json\/wp\/v2\/users\/2"}],"replies":[{"embeddable":true,"href":"https:\/\/adgt.cz\/es\/wp-json\/wp\/v2\/comments?post=8694"}],"version-history":[{"count":0,"href":"https:\/\/adgt.cz\/es\/wp-json\/wp\/v2\/news\/8694\/revisions"}],"wp:featuredmedia":[{"embeddable":true,"href":"https:\/\/adgt.cz\/es\/wp-json\/wp\/v2\/media\/5972"}],"wp:attachment":[{"href":"https:\/\/adgt.cz\/es\/wp-json\/wp\/v2\/media?parent=8694"}],"wp:term":[{"taxonomy":"post_tag","embeddable":true,"href":"https:\/\/adgt.cz\/es\/wp-json\/wp\/v2\/tags?post=8694"},{"taxonomy":"news-category","embeddable":true,"href":"https:\/\/adgt.cz\/es\/wp-json\/wp\/v2\/news-category?post=8694"}],"curies":[{"name":"wp","href":"https:\/\/api.w.org\/{rel}","templated":true}]}}