{"id":10894,"date":"2019-11-15T09:14:45","date_gmt":"2019-11-15T09:14:45","guid":{"rendered":"https:\/\/adgt.cz\/?post_type=news&#038;p=10894"},"modified":"2021-03-30T09:15:09","modified_gmt":"2021-03-30T09:15:09","slug":"adgt-zur-woche-der-energieversorgung-2019-energiewende","status":"publish","type":"news","link":"https:\/\/adgt.cz\/de\/news\/adgt-zur-woche-der-energieversorgung-2019-energiewende\/","title":{"rendered":"ADGT zur Woche der Energieversorgung &#8211; 2019: Energiewende!"},"content":{"rendered":"<p>Im November dieses Jahres nahmen wir an der gr\u00f6\u00dften Messe-Konferenz European Utility Week in Paris teil. Der Kongress widmete sich modernen L\u00f6sungen f\u00fcr elektrische Netze &#8211; intelligente Strommesssysteme, Integration von erneuerbaren Energien und Smart Buildings.<\/p><p><!--more--><\/p><p>Die Ausstellung wurde unter einer neuen, vereinheitlichenden Marke durchgef\u00fchrt: Die European Utility Week schloss sich mit POWERGEN Europe zusammen und schuf Enlit. Die Veranstaltungen fanden unter dem lakonischen Namen der geschaffenen Business-Plattform statt.<\/p><p>Was w\u00e4re, wenn&#8230;.der gesamte Sektor sich verbinden k\u00f6nnte, um die Energiezukunft der Welt zu gestalten? &#8211; fragt Enlit, und das l\u00e4sst vermuten, dass die Organisatoren gro\u00dfe Pl\u00e4ne haben. Die Zusammenlegung von European Utility Week &amp; POWERGEN Europe war der erste Schritt, um eine Plattform f\u00fcr die Energiewende im Jahr 2019 zu schaffen. Diese Plattform soll die Praxis ver\u00e4ndern und kombinierte L\u00f6sungen f\u00fcr die gesamte Energieversorgungskette, von der Stromerzeugung bis zum Endverbrauch, unter einem Dach entwickeln.<br><br>Ein Teil der Berichte widmete sich den Messger\u00e4ten f\u00fcr Strom, Wasser und Gas und ihrer Rolle in der globalen Energiewende. Die ausstellenden Unternehmen verbanden die Theorie mit der Praxis und demonstrierten an den St\u00e4nden die neuesten Entwicklungen.<br><br>Auch wir haben am Quectel-Stand eines unserer Produkte vorgestellt &#8211; den <a href=\"https:\/\/adgt.cz\/de\/product-category\/data-loggers\/\" target=\"_blank\" rel=\"noreferrer noopener\">DTU NB-IoT Datenlogger<\/a> f\u00fcr Smart Water Metering. Der batteriebetriebene Datenlogger wurde entwickelt, um eine pr\u00e4zise Fern\u00fcberwachung von Ressourcen (Strom, Gas, W\u00e4rme und Wasser) zu gew\u00e4hrleisten. DTU27 bietet eine automatische Datenerfassung von Z\u00e4hlern mit Impulsausgang, speichert die Messwerte im nichtfl\u00fcchtigen Speicher und \u00fcbertr\u00e4gt sie \u00fcber das eingebaute Mobilfunkmodem \u00fcber das NB-IoT-Netzwerk an den Dispatching-Server.<\/p><figure class=\"wp-block-image size-large\"><img loading=\"lazy\" decoding=\"async\" width=\"600\" height=\"384\" src=\"https:\/\/adgt.cz\/wp-content\/uploads\/2020\/09\/DTU27-1-600x384-1.jpg\" alt=\"\" class=\"wp-image-5283\" srcset=\"https:\/\/adgt.cz\/wp-content\/uploads\/2020\/09\/DTU27-1-600x384-1.jpg 600w, https:\/\/adgt.cz\/wp-content\/uploads\/2020\/09\/DTU27-1-600x384-1-300x192.jpg 300w, https:\/\/adgt.cz\/wp-content\/uploads\/2020\/09\/DTU27-1-600x384-1-480x307.jpg 480w\" sizes=\"(max-width: 600px) 100vw, 600px\" \/><\/figure><p>Die European Utility Week brachte mehr als 18.000 europ\u00e4ische Meinungsf\u00fchrer und Fachleute zusammen, die hinter den weltweit erfolgreichsten Entdeckungen und L\u00f6sungen in der Versorgungswirtschaft stehen.<\/p><p>Die European Utility Week ist die wegweisende Veranstaltung f\u00fcr die Energiebranche. Wir hoffen auf einen Besuch im n\u00e4chsten Jahr!<\/p>","protected":false},"excerpt":{"rendered":"<p>Im November dieses Jahres nahmen wir an der gr\u00f6\u00dften Messe-Konferenz European Utility Week in Paris teil. Der Kongress widmete sich modernen L\u00f6sungen f\u00fcr elektrische Netze &#8211; intelligente Strommesssysteme, Integration von erneuerbaren Energien und Smart Buildings.<\/p>\n","protected":false},"author":2,"featured_media":5970,"comment_status":"closed","ping_status":"closed","template":"","tags":[],"news-category":[],"class_list":["post-10894","news","type-news","status-publish","has-post-thumbnail","hentry"],"yoast_head":"<!-- This site is optimized with the Yoast SEO plugin v23.5 - https:\/\/yoast.com\/wordpress\/plugins\/seo\/ -->\n<title>ADGT zur Woche der Energieversorgung - 2019: Energiewende! - ADGT<\/title>\n<meta name=\"robots\" content=\"index, follow, max-snippet:-1, max-image-preview:large, max-video-preview:-1\" \/>\n<link rel=\"canonical\" href=\"https:\/\/adgt.cz\/de\/news\/adgt-zur-woche-der-energieversorgung-2019-energiewende\/\" \/>\n<meta property=\"og:locale\" content=\"de_DE\" \/>\n<meta property=\"og:type\" content=\"article\" \/>\n<meta property=\"og:title\" content=\"ADGT zur Woche der Energieversorgung - 2019: Energiewende! - ADGT\" \/>\n<meta property=\"og:description\" content=\"Im November dieses Jahres nahmen wir an der gr\u00f6\u00dften Messe-Konferenz European Utility Week in Paris teil. Der Kongress widmete sich modernen L\u00f6sungen f\u00fcr elektrische Netze &#8211; intelligente Strommesssysteme, Integration von erneuerbaren Energien und Smart Buildings.\" \/>\n<meta property=\"og:url\" content=\"https:\/\/adgt.cz\/de\/news\/adgt-zur-woche-der-energieversorgung-2019-energiewende\/\" \/>\n<meta property=\"og:site_name\" content=\"ADGT\" \/>\n<meta property=\"article:modified_time\" content=\"2021-03-30T09:15:09+00:00\" \/>\n<meta property=\"og:image\" content=\"https:\/\/adgt.cz\/wp-content\/uploads\/2020\/10\/ENLIT2019-5-600x420-1.jpg\" \/>\n\t<meta property=\"og:image:width\" content=\"600\" \/>\n\t<meta property=\"og:image:height\" content=\"420\" \/>\n\t<meta property=\"og:image:type\" content=\"image\/jpeg\" \/>\n<meta name=\"twitter:card\" content=\"summary_large_image\" \/>\n<meta name=\"twitter:label1\" content=\"Gesch\u00e4tzte Lesezeit\" \/>\n\t<meta name=\"twitter:data1\" content=\"2\u00a0Minuten\" \/>\n<script type=\"application\/ld+json\" class=\"yoast-schema-graph\">{\"@context\":\"https:\/\/schema.org\",\"@graph\":[{\"@type\":\"WebPage\",\"@id\":\"https:\/\/adgt.cz\/de\/news\/adgt-zur-woche-der-energieversorgung-2019-energiewende\/\",\"url\":\"https:\/\/adgt.cz\/de\/news\/adgt-zur-woche-der-energieversorgung-2019-energiewende\/\",\"name\":\"ADGT zur Woche der Energieversorgung - 2019: Energiewende! - ADGT\",\"isPartOf\":{\"@id\":\"https:\/\/adgt.cz\/de\/#website\"},\"primaryImageOfPage\":{\"@id\":\"https:\/\/adgt.cz\/de\/news\/adgt-zur-woche-der-energieversorgung-2019-energiewende\/#primaryimage\"},\"image\":{\"@id\":\"https:\/\/adgt.cz\/de\/news\/adgt-zur-woche-der-energieversorgung-2019-energiewende\/#primaryimage\"},\"thumbnailUrl\":\"https:\/\/adgt.cz\/wp-content\/uploads\/2020\/10\/ENLIT2019-5-600x420-1.jpg\",\"datePublished\":\"2019-11-15T09:14:45+00:00\",\"dateModified\":\"2021-03-30T09:15:09+00:00\",\"breadcrumb\":{\"@id\":\"https:\/\/adgt.cz\/de\/news\/adgt-zur-woche-der-energieversorgung-2019-energiewende\/#breadcrumb\"},\"inLanguage\":\"de\",\"potentialAction\":[{\"@type\":\"ReadAction\",\"target\":[\"https:\/\/adgt.cz\/de\/news\/adgt-zur-woche-der-energieversorgung-2019-energiewende\/\"]}]},{\"@type\":\"ImageObject\",\"inLanguage\":\"de\",\"@id\":\"https:\/\/adgt.cz\/de\/news\/adgt-zur-woche-der-energieversorgung-2019-energiewende\/#primaryimage\",\"url\":\"https:\/\/adgt.cz\/wp-content\/uploads\/2020\/10\/ENLIT2019-5-600x420-1.jpg\",\"contentUrl\":\"https:\/\/adgt.cz\/wp-content\/uploads\/2020\/10\/ENLIT2019-5-600x420-1.jpg\",\"width\":600,\"height\":420},{\"@type\":\"BreadcrumbList\",\"@id\":\"https:\/\/adgt.cz\/de\/news\/adgt-zur-woche-der-energieversorgung-2019-energiewende\/#breadcrumb\",\"itemListElement\":[{\"@type\":\"ListItem\",\"position\":1,\"name\":\"Home\",\"item\":\"https:\/\/adgt.cz\/de\/\"},{\"@type\":\"ListItem\",\"position\":2,\"name\":\"News\",\"item\":\"https:\/\/adgt.cz\/de\/news\/\"},{\"@type\":\"ListItem\",\"position\":3,\"name\":\"ADGT zur Woche der Energieversorgung &#8211; 2019: Energiewende!\"}]},{\"@type\":\"WebSite\",\"@id\":\"https:\/\/adgt.cz\/de\/#website\",\"url\":\"https:\/\/adgt.cz\/de\/\",\"name\":\"ADGT\",\"description\":\"Just another WordPress site\",\"publisher\":{\"@id\":\"https:\/\/adgt.cz\/de\/#organization\"},\"potentialAction\":[{\"@type\":\"SearchAction\",\"target\":{\"@type\":\"EntryPoint\",\"urlTemplate\":\"https:\/\/adgt.cz\/de\/?s={search_term_string}\"},\"query-input\":{\"@type\":\"PropertyValueSpecification\",\"valueRequired\":true,\"valueName\":\"search_term_string\"}}],\"inLanguage\":\"de\"},{\"@type\":\"Organization\",\"@id\":\"https:\/\/adgt.cz\/de\/#organization\",\"name\":\"ADGT\",\"url\":\"https:\/\/adgt.cz\/de\/\",\"logo\":{\"@type\":\"ImageObject\",\"inLanguage\":\"de\",\"@id\":\"https:\/\/adgt.cz\/de\/#\/schema\/logo\/image\/\",\"url\":\"https:\/\/adgt.cz\/wp-content\/uploads\/2020\/09\/ADGT_logo_Magenta.png\",\"contentUrl\":\"https:\/\/adgt.cz\/wp-content\/uploads\/2020\/09\/ADGT_logo_Magenta.png\",\"width\":798,\"height\":208,\"caption\":\"ADGT\"},\"image\":{\"@id\":\"https:\/\/adgt.cz\/de\/#\/schema\/logo\/image\/\"}}]}<\/script>\n<!-- \/ Yoast SEO plugin. -->","yoast_head_json":{"title":"ADGT zur Woche der Energieversorgung - 2019: Energiewende! - ADGT","robots":{"index":"index","follow":"follow","max-snippet":"max-snippet:-1","max-image-preview":"max-image-preview:large","max-video-preview":"max-video-preview:-1"},"canonical":"https:\/\/adgt.cz\/de\/news\/adgt-zur-woche-der-energieversorgung-2019-energiewende\/","og_locale":"de_DE","og_type":"article","og_title":"ADGT zur Woche der Energieversorgung - 2019: Energiewende! - ADGT","og_description":"Im November dieses Jahres nahmen wir an der gr\u00f6\u00dften Messe-Konferenz European Utility Week in Paris teil. Der Kongress widmete sich modernen L\u00f6sungen f\u00fcr elektrische Netze &#8211; intelligente Strommesssysteme, Integration von erneuerbaren Energien und Smart Buildings.","og_url":"https:\/\/adgt.cz\/de\/news\/adgt-zur-woche-der-energieversorgung-2019-energiewende\/","og_site_name":"ADGT","article_modified_time":"2021-03-30T09:15:09+00:00","og_image":[{"width":600,"height":420,"url":"https:\/\/adgt.cz\/wp-content\/uploads\/2020\/10\/ENLIT2019-5-600x420-1.jpg","type":"image\/jpeg"}],"twitter_card":"summary_large_image","twitter_misc":{"Gesch\u00e4tzte Lesezeit":"2\u00a0Minuten"},"schema":{"@context":"https:\/\/schema.org","@graph":[{"@type":"WebPage","@id":"https:\/\/adgt.cz\/de\/news\/adgt-zur-woche-der-energieversorgung-2019-energiewende\/","url":"https:\/\/adgt.cz\/de\/news\/adgt-zur-woche-der-energieversorgung-2019-energiewende\/","name":"ADGT zur Woche der Energieversorgung - 2019: Energiewende! - ADGT","isPartOf":{"@id":"https:\/\/adgt.cz\/de\/#website"},"primaryImageOfPage":{"@id":"https:\/\/adgt.cz\/de\/news\/adgt-zur-woche-der-energieversorgung-2019-energiewende\/#primaryimage"},"image":{"@id":"https:\/\/adgt.cz\/de\/news\/adgt-zur-woche-der-energieversorgung-2019-energiewende\/#primaryimage"},"thumbnailUrl":"https:\/\/adgt.cz\/wp-content\/uploads\/2020\/10\/ENLIT2019-5-600x420-1.jpg","datePublished":"2019-11-15T09:14:45+00:00","dateModified":"2021-03-30T09:15:09+00:00","breadcrumb":{"@id":"https:\/\/adgt.cz\/de\/news\/adgt-zur-woche-der-energieversorgung-2019-energiewende\/#breadcrumb"},"inLanguage":"de","potentialAction":[{"@type":"ReadAction","target":["https:\/\/adgt.cz\/de\/news\/adgt-zur-woche-der-energieversorgung-2019-energiewende\/"]}]},{"@type":"ImageObject","inLanguage":"de","@id":"https:\/\/adgt.cz\/de\/news\/adgt-zur-woche-der-energieversorgung-2019-energiewende\/#primaryimage","url":"https:\/\/adgt.cz\/wp-content\/uploads\/2020\/10\/ENLIT2019-5-600x420-1.jpg","contentUrl":"https:\/\/adgt.cz\/wp-content\/uploads\/2020\/10\/ENLIT2019-5-600x420-1.jpg","width":600,"height":420},{"@type":"BreadcrumbList","@id":"https:\/\/adgt.cz\/de\/news\/adgt-zur-woche-der-energieversorgung-2019-energiewende\/#breadcrumb","itemListElement":[{"@type":"ListItem","position":1,"name":"Home","item":"https:\/\/adgt.cz\/de\/"},{"@type":"ListItem","position":2,"name":"News","item":"https:\/\/adgt.cz\/de\/news\/"},{"@type":"ListItem","position":3,"name":"ADGT zur Woche der Energieversorgung &#8211; 2019: Energiewende!"}]},{"@type":"WebSite","@id":"https:\/\/adgt.cz\/de\/#website","url":"https:\/\/adgt.cz\/de\/","name":"ADGT","description":"Just another WordPress site","publisher":{"@id":"https:\/\/adgt.cz\/de\/#organization"},"potentialAction":[{"@type":"SearchAction","target":{"@type":"EntryPoint","urlTemplate":"https:\/\/adgt.cz\/de\/?s={search_term_string}"},"query-input":{"@type":"PropertyValueSpecification","valueRequired":true,"valueName":"search_term_string"}}],"inLanguage":"de"},{"@type":"Organization","@id":"https:\/\/adgt.cz\/de\/#organization","name":"ADGT","url":"https:\/\/adgt.cz\/de\/","logo":{"@type":"ImageObject","inLanguage":"de","@id":"https:\/\/adgt.cz\/de\/#\/schema\/logo\/image\/","url":"https:\/\/adgt.cz\/wp-content\/uploads\/2020\/09\/ADGT_logo_Magenta.png","contentUrl":"https:\/\/adgt.cz\/wp-content\/uploads\/2020\/09\/ADGT_logo_Magenta.png","width":798,"height":208,"caption":"ADGT"},"image":{"@id":"https:\/\/adgt.cz\/de\/#\/schema\/logo\/image\/"}}]}},"_links":{"self":[{"href":"https:\/\/adgt.cz\/de\/wp-json\/wp\/v2\/news\/10894"}],"collection":[{"href":"https:\/\/adgt.cz\/de\/wp-json\/wp\/v2\/news"}],"about":[{"href":"https:\/\/adgt.cz\/de\/wp-json\/wp\/v2\/types\/news"}],"author":[{"embeddable":true,"href":"https:\/\/adgt.cz\/de\/wp-json\/wp\/v2\/users\/2"}],"replies":[{"embeddable":true,"href":"https:\/\/adgt.cz\/de\/wp-json\/wp\/v2\/comments?post=10894"}],"version-history":[{"count":0,"href":"https:\/\/adgt.cz\/de\/wp-json\/wp\/v2\/news\/10894\/revisions"}],"wp:featuredmedia":[{"embeddable":true,"href":"https:\/\/adgt.cz\/de\/wp-json\/wp\/v2\/media\/5970"}],"wp:attachment":[{"href":"https:\/\/adgt.cz\/de\/wp-json\/wp\/v2\/media?parent=10894"}],"wp:term":[{"taxonomy":"post_tag","embeddable":true,"href":"https:\/\/adgt.cz\/de\/wp-json\/wp\/v2\/tags?post=10894"},{"taxonomy":"news-category","embeddable":true,"href":"https:\/\/adgt.cz\/de\/wp-json\/wp\/v2\/news-category?post=10894"}],"curies":[{"name":"wp","href":"https:\/\/api.w.org\/{rel}","templated":true}]}}