{"id":8758,"date":"2019-11-15T13:53:34","date_gmt":"2019-11-15T13:53:34","guid":{"rendered":"https:\/\/adgt.cz\/?post_type=news&#038;p=8758"},"modified":"2021-03-29T07:30:27","modified_gmt":"2021-03-29T07:30:27","slug":"adgt-na-utility-week-2019-transformace-energie","status":"publish","type":"news","link":"https:\/\/adgt.cz\/cs\/news\/adgt-na-utility-week-2019-transformace-energie\/","title":{"rendered":"ADGT na Utility Week 2019: transformace energie!"},"content":{"rendered":"<p>V listopadu leto\u0161n\u00edho roku jsme se z\u00fa\u010dastnili nejv\u011bt\u0161\u00ed v\u00fdstavn\u00ed konference European Utility Week v Pa\u0159\u00ed\u017ei. Kongres byl v\u011bnov\u00e1n modern\u00edm \u0159e\u0161en\u00edm pro elektrick\u00e9 s\u00edt\u011b \u2013 inteligentn\u00ed syst\u00e9my m\u011b\u0159en\u00ed elekt\u0159iny, integrace obnoviteln\u00fdch zdroj\u016f a chytr\u00e9 budovy.<\/p><p><!--more--><\/p><p>V\u00fdstava se konala pod novou sjednocuj\u00edc\u00ed zna\u010dkou: European Utility Week se spojil s POWERGEN Europe a vytvo\u0159ili Enlit. Akce se konaly pod lakonick\u00fdm n\u00e1zvem vytvo\u0159en\u00e9 obchodn\u00ed platformy.<\/p><p>&#8220;Co kdyby\u2026. cel\u00e9 odv\u011btv\u00ed by se mohlo spojit a utv\u00e1\u0159et energetickou budoucnost sv\u011bta?\u201d \u2013 pt\u00e1 se Enlit, co\u017e nazna\u010duje, \u017ee organiz\u00e1to\u0159i maj\u00ed velk\u00e9 pl\u00e1ny. Spole\u010dn\u00e9 um\u00edst\u011bn\u00ed European Utility Week a POWERGEN Europe bylo prvn\u00edm krokem p\u0159i poskytov\u00e1n\u00ed platformy pro energetick\u00fd p\u0159echod v roce 2019. Tato platforma je navr\u017eena tak, aby zm\u011bnila praktick\u00e9 zku\u0161enosti a vyvinula kombinovan\u00e1 \u0159e\u0161en\u00ed pro cel\u00fd \u0159et\u011bzec z\u00e1sobov\u00e1n\u00ed energi\u00ed, od v\u00fdroby energie po kone\u010dn\u00e9 pou\u017eit\u00ed, pod jednou st\u0159echou.<br><br>\u010c\u00e1st zpr\u00e1v byla v\u011bnov\u00e1na m\u011b\u0159ic\u00edm za\u0159\u00edzen\u00edm pro elekt\u0159inu, vodu a plyn a jejich roli v transformaci glob\u00e1ln\u00ed energie. Vystavuj\u00edc\u00ed spole\u010dnosti p\u0159idaly teorii k praxi a na st\u00e1nc\u00edch p\u0159edvedly nejnov\u011bj\u0161\u00ed v\u00fdvoj.<br><br>Na st\u00e1nku spole\u010dnosti Quectel jsme tak\u00e9 p\u0159edstavili jeden z na\u0161ich produkt\u016f \u2013 <a href=\"https:\/\/adgt.cz\/cs\/product-category\/data-loggers\/\" target=\"_blank\" rel=\"noreferrer noopener\">z\u00e1znamn\u00edk dat DTU NB-IoT<\/a> pro chytr\u00e9 m\u011b\u0159en\u00ed vody. Bateriov\u00fd z\u00e1znamn\u00edk dat navr\u017een\u00fd k zaji\u0161t\u011bn\u00ed p\u0159esn\u00e9ho vzd\u00e1len\u00e9ho monitorov\u00e1n\u00ed zdroj\u016f (elekt\u0159ina, plyn, teplo a voda). DTU27 poskytuje automatizovan\u00fd sb\u011br dat z m\u011b\u0159i\u010d\u016f s pulzn\u00edm v\u00fdstupem, ukl\u00e1d\u00e1 ode\u010dty do st\u00e1l\u00e9 pam\u011bti a odes\u00edl\u00e1 data na dispe\u010dersk\u00fd server prost\u0159ednictv\u00edm vestav\u011bn\u00e9ho mobiln\u00edho modemu p\u0159es s\u00ed\u0165 NB-IoT.<\/p><figure class=\"wp-block-image size-large\"><img loading=\"lazy\" decoding=\"async\" width=\"600\" height=\"384\" src=\"https:\/\/adgt.cz\/wp-content\/uploads\/2020\/09\/DTU27-1-600x384-1.jpg\" alt=\"\" class=\"wp-image-7187\" srcset=\"https:\/\/adgt.cz\/wp-content\/uploads\/2020\/09\/DTU27-1-600x384-1.jpg 600w, https:\/\/adgt.cz\/wp-content\/uploads\/2020\/09\/DTU27-1-600x384-1-300x192.jpg 300w, https:\/\/adgt.cz\/wp-content\/uploads\/2020\/09\/DTU27-1-600x384-1-480x307.jpg 480w\" sizes=\"(max-width: 600px) 100vw, 600px\" \/><\/figure><p>European Utility Week spojil v\u00edce ne\u017e 18,000 evropsk\u00fdch n\u00e1zorov\u00fdch v\u016fdc\u016f a profesion\u00e1l\u016f stoj\u00edc\u00edch za nej\u00fasp\u011b\u0161n\u011bj\u0161\u00edmi objevy a \u0159e\u0161en\u00edmi v oblasti slu\u017eeb na sv\u011bt\u011b.<\/p><p>European Utility Week je v\u00fdznamnou ud\u00e1lost\u00ed pro energetick\u00fd pr\u016fmysl. Douf\u00e1me, \u017ee nav\u0161t\u00edv\u00edme i p\u0159\u00ed\u0161t\u00ed rok!<\/p>","protected":false},"excerpt":{"rendered":"<p>V listopadu leto\u0161n\u00edho roku jsme se z\u00fa\u010dastnili nejv\u011bt\u0161\u00ed v\u00fdstavn\u00ed konference European Utility Week v Pa\u0159\u00ed\u017ei. Kongres byl v\u011bnov\u00e1n modern\u00edm \u0159e\u0161en\u00edm pro elektrick\u00e9 s\u00edt\u011b \u2013 inteligentn\u00ed syst\u00e9my m\u011b\u0159en\u00ed elekt\u0159iny, integrace obnoviteln\u00fdch zdroj\u016f a chytr\u00e9 budovy.<\/p>\n","protected":false},"author":2,"featured_media":8094,"comment_status":"closed","ping_status":"closed","template":"","tags":[],"news-category":[],"class_list":["post-8758","news","type-news","status-publish","has-post-thumbnail","hentry"],"yoast_head":"<!-- This site is optimized with the Yoast SEO plugin v23.5 - https:\/\/yoast.com\/wordpress\/plugins\/seo\/ -->\n<title>ADGT na Utility Week 2019: transformace energie! - ADGT<\/title>\n<meta name=\"robots\" content=\"index, follow, max-snippet:-1, max-image-preview:large, max-video-preview:-1\" \/>\n<link rel=\"canonical\" href=\"https:\/\/adgt.cz\/cs\/news\/adgt-na-utility-week-2019-transformace-energie\/\" \/>\n<meta property=\"og:locale\" content=\"cs_CZ\" \/>\n<meta property=\"og:type\" content=\"article\" \/>\n<meta property=\"og:title\" content=\"ADGT na Utility Week 2019: transformace energie! - ADGT\" \/>\n<meta property=\"og:description\" content=\"V listopadu leto\u0161n\u00edho roku jsme se z\u00fa\u010dastnili nejv\u011bt\u0161\u00ed v\u00fdstavn\u00ed konference European Utility Week v Pa\u0159\u00ed\u017ei. Kongres byl v\u011bnov\u00e1n modern\u00edm \u0159e\u0161en\u00edm pro elektrick\u00e9 s\u00edt\u011b \u2013 inteligentn\u00ed syst\u00e9my m\u011b\u0159en\u00ed elekt\u0159iny, integrace obnoviteln\u00fdch zdroj\u016f a chytr\u00e9 budovy.\" \/>\n<meta property=\"og:url\" content=\"https:\/\/adgt.cz\/cs\/news\/adgt-na-utility-week-2019-transformace-energie\/\" \/>\n<meta property=\"og:site_name\" content=\"ADGT\" \/>\n<meta property=\"article:modified_time\" content=\"2021-03-29T07:30:27+00:00\" \/>\n<meta property=\"og:image\" content=\"https:\/\/adgt.cz\/wp-content\/uploads\/2020\/10\/ENLIT2019-5-600x420-1.jpg\" \/>\n\t<meta property=\"og:image:width\" content=\"600\" \/>\n\t<meta property=\"og:image:height\" content=\"420\" \/>\n\t<meta property=\"og:image:type\" content=\"image\/jpeg\" \/>\n<meta name=\"twitter:card\" content=\"summary_large_image\" \/>\n<meta name=\"twitter:label1\" content=\"Odhadovan\u00e1 doba \u010dten\u00ed\" \/>\n\t<meta name=\"twitter:data1\" content=\"2 minuty\" \/>\n<script type=\"application\/ld+json\" class=\"yoast-schema-graph\">{\"@context\":\"https:\/\/schema.org\",\"@graph\":[{\"@type\":\"WebPage\",\"@id\":\"https:\/\/adgt.cz\/cs\/news\/adgt-na-utility-week-2019-transformace-energie\/\",\"url\":\"https:\/\/adgt.cz\/cs\/news\/adgt-na-utility-week-2019-transformace-energie\/\",\"name\":\"ADGT na Utility Week 2019: transformace energie! - ADGT\",\"isPartOf\":{\"@id\":\"https:\/\/adgt.cz\/cs\/#website\"},\"primaryImageOfPage\":{\"@id\":\"https:\/\/adgt.cz\/cs\/news\/adgt-na-utility-week-2019-transformace-energie\/#primaryimage\"},\"image\":{\"@id\":\"https:\/\/adgt.cz\/cs\/news\/adgt-na-utility-week-2019-transformace-energie\/#primaryimage\"},\"thumbnailUrl\":\"https:\/\/adgt.cz\/wp-content\/uploads\/2020\/10\/ENLIT2019-5-600x420-1.jpg\",\"datePublished\":\"2019-11-15T13:53:34+00:00\",\"dateModified\":\"2021-03-29T07:30:27+00:00\",\"breadcrumb\":{\"@id\":\"https:\/\/adgt.cz\/cs\/news\/adgt-na-utility-week-2019-transformace-energie\/#breadcrumb\"},\"inLanguage\":\"cs\",\"potentialAction\":[{\"@type\":\"ReadAction\",\"target\":[\"https:\/\/adgt.cz\/cs\/news\/adgt-na-utility-week-2019-transformace-energie\/\"]}]},{\"@type\":\"ImageObject\",\"inLanguage\":\"cs\",\"@id\":\"https:\/\/adgt.cz\/cs\/news\/adgt-na-utility-week-2019-transformace-energie\/#primaryimage\",\"url\":\"https:\/\/adgt.cz\/wp-content\/uploads\/2020\/10\/ENLIT2019-5-600x420-1.jpg\",\"contentUrl\":\"https:\/\/adgt.cz\/wp-content\/uploads\/2020\/10\/ENLIT2019-5-600x420-1.jpg\",\"width\":600,\"height\":420},{\"@type\":\"BreadcrumbList\",\"@id\":\"https:\/\/adgt.cz\/cs\/news\/adgt-na-utility-week-2019-transformace-energie\/#breadcrumb\",\"itemListElement\":[{\"@type\":\"ListItem\",\"position\":1,\"name\":\"Home\",\"item\":\"https:\/\/adgt.cz\/cs\/\"},{\"@type\":\"ListItem\",\"position\":2,\"name\":\"News\",\"item\":\"https:\/\/adgt.cz\/cs\/news\/\"},{\"@type\":\"ListItem\",\"position\":3,\"name\":\"ADGT na Utility Week 2019: transformace energie!\"}]},{\"@type\":\"WebSite\",\"@id\":\"https:\/\/adgt.cz\/cs\/#website\",\"url\":\"https:\/\/adgt.cz\/cs\/\",\"name\":\"ADGT\",\"description\":\"Just another WordPress site\",\"publisher\":{\"@id\":\"https:\/\/adgt.cz\/cs\/#organization\"},\"potentialAction\":[{\"@type\":\"SearchAction\",\"target\":{\"@type\":\"EntryPoint\",\"urlTemplate\":\"https:\/\/adgt.cz\/cs\/?s={search_term_string}\"},\"query-input\":{\"@type\":\"PropertyValueSpecification\",\"valueRequired\":true,\"valueName\":\"search_term_string\"}}],\"inLanguage\":\"cs\"},{\"@type\":\"Organization\",\"@id\":\"https:\/\/adgt.cz\/cs\/#organization\",\"name\":\"ADGT\",\"url\":\"https:\/\/adgt.cz\/cs\/\",\"logo\":{\"@type\":\"ImageObject\",\"inLanguage\":\"cs\",\"@id\":\"https:\/\/adgt.cz\/cs\/#\/schema\/logo\/image\/\",\"url\":\"https:\/\/adgt.cz\/wp-content\/uploads\/2020\/09\/ADGT_logo_Magenta.png\",\"contentUrl\":\"https:\/\/adgt.cz\/wp-content\/uploads\/2020\/09\/ADGT_logo_Magenta.png\",\"width\":798,\"height\":208,\"caption\":\"ADGT\"},\"image\":{\"@id\":\"https:\/\/adgt.cz\/cs\/#\/schema\/logo\/image\/\"}}]}<\/script>\n<!-- \/ Yoast SEO plugin. -->","yoast_head_json":{"title":"ADGT na Utility Week 2019: transformace energie! - ADGT","robots":{"index":"index","follow":"follow","max-snippet":"max-snippet:-1","max-image-preview":"max-image-preview:large","max-video-preview":"max-video-preview:-1"},"canonical":"https:\/\/adgt.cz\/cs\/news\/adgt-na-utility-week-2019-transformace-energie\/","og_locale":"cs_CZ","og_type":"article","og_title":"ADGT na Utility Week 2019: transformace energie! - ADGT","og_description":"V listopadu leto\u0161n\u00edho roku jsme se z\u00fa\u010dastnili nejv\u011bt\u0161\u00ed v\u00fdstavn\u00ed konference European Utility Week v Pa\u0159\u00ed\u017ei. Kongres byl v\u011bnov\u00e1n modern\u00edm \u0159e\u0161en\u00edm pro elektrick\u00e9 s\u00edt\u011b \u2013 inteligentn\u00ed syst\u00e9my m\u011b\u0159en\u00ed elekt\u0159iny, integrace obnoviteln\u00fdch zdroj\u016f a chytr\u00e9 budovy.","og_url":"https:\/\/adgt.cz\/cs\/news\/adgt-na-utility-week-2019-transformace-energie\/","og_site_name":"ADGT","article_modified_time":"2021-03-29T07:30:27+00:00","og_image":[{"width":600,"height":420,"url":"https:\/\/adgt.cz\/wp-content\/uploads\/2020\/10\/ENLIT2019-5-600x420-1.jpg","type":"image\/jpeg"}],"twitter_card":"summary_large_image","twitter_misc":{"Odhadovan\u00e1 doba \u010dten\u00ed":"2 minuty"},"schema":{"@context":"https:\/\/schema.org","@graph":[{"@type":"WebPage","@id":"https:\/\/adgt.cz\/cs\/news\/adgt-na-utility-week-2019-transformace-energie\/","url":"https:\/\/adgt.cz\/cs\/news\/adgt-na-utility-week-2019-transformace-energie\/","name":"ADGT na Utility Week 2019: transformace energie! - ADGT","isPartOf":{"@id":"https:\/\/adgt.cz\/cs\/#website"},"primaryImageOfPage":{"@id":"https:\/\/adgt.cz\/cs\/news\/adgt-na-utility-week-2019-transformace-energie\/#primaryimage"},"image":{"@id":"https:\/\/adgt.cz\/cs\/news\/adgt-na-utility-week-2019-transformace-energie\/#primaryimage"},"thumbnailUrl":"https:\/\/adgt.cz\/wp-content\/uploads\/2020\/10\/ENLIT2019-5-600x420-1.jpg","datePublished":"2019-11-15T13:53:34+00:00","dateModified":"2021-03-29T07:30:27+00:00","breadcrumb":{"@id":"https:\/\/adgt.cz\/cs\/news\/adgt-na-utility-week-2019-transformace-energie\/#breadcrumb"},"inLanguage":"cs","potentialAction":[{"@type":"ReadAction","target":["https:\/\/adgt.cz\/cs\/news\/adgt-na-utility-week-2019-transformace-energie\/"]}]},{"@type":"ImageObject","inLanguage":"cs","@id":"https:\/\/adgt.cz\/cs\/news\/adgt-na-utility-week-2019-transformace-energie\/#primaryimage","url":"https:\/\/adgt.cz\/wp-content\/uploads\/2020\/10\/ENLIT2019-5-600x420-1.jpg","contentUrl":"https:\/\/adgt.cz\/wp-content\/uploads\/2020\/10\/ENLIT2019-5-600x420-1.jpg","width":600,"height":420},{"@type":"BreadcrumbList","@id":"https:\/\/adgt.cz\/cs\/news\/adgt-na-utility-week-2019-transformace-energie\/#breadcrumb","itemListElement":[{"@type":"ListItem","position":1,"name":"Home","item":"https:\/\/adgt.cz\/cs\/"},{"@type":"ListItem","position":2,"name":"News","item":"https:\/\/adgt.cz\/cs\/news\/"},{"@type":"ListItem","position":3,"name":"ADGT na Utility Week 2019: transformace energie!"}]},{"@type":"WebSite","@id":"https:\/\/adgt.cz\/cs\/#website","url":"https:\/\/adgt.cz\/cs\/","name":"ADGT","description":"Just another WordPress site","publisher":{"@id":"https:\/\/adgt.cz\/cs\/#organization"},"potentialAction":[{"@type":"SearchAction","target":{"@type":"EntryPoint","urlTemplate":"https:\/\/adgt.cz\/cs\/?s={search_term_string}"},"query-input":{"@type":"PropertyValueSpecification","valueRequired":true,"valueName":"search_term_string"}}],"inLanguage":"cs"},{"@type":"Organization","@id":"https:\/\/adgt.cz\/cs\/#organization","name":"ADGT","url":"https:\/\/adgt.cz\/cs\/","logo":{"@type":"ImageObject","inLanguage":"cs","@id":"https:\/\/adgt.cz\/cs\/#\/schema\/logo\/image\/","url":"https:\/\/adgt.cz\/wp-content\/uploads\/2020\/09\/ADGT_logo_Magenta.png","contentUrl":"https:\/\/adgt.cz\/wp-content\/uploads\/2020\/09\/ADGT_logo_Magenta.png","width":798,"height":208,"caption":"ADGT"},"image":{"@id":"https:\/\/adgt.cz\/cs\/#\/schema\/logo\/image\/"}}]}},"_links":{"self":[{"href":"https:\/\/adgt.cz\/cs\/wp-json\/wp\/v2\/news\/8758"}],"collection":[{"href":"https:\/\/adgt.cz\/cs\/wp-json\/wp\/v2\/news"}],"about":[{"href":"https:\/\/adgt.cz\/cs\/wp-json\/wp\/v2\/types\/news"}],"author":[{"embeddable":true,"href":"https:\/\/adgt.cz\/cs\/wp-json\/wp\/v2\/users\/2"}],"replies":[{"embeddable":true,"href":"https:\/\/adgt.cz\/cs\/wp-json\/wp\/v2\/comments?post=8758"}],"version-history":[{"count":0,"href":"https:\/\/adgt.cz\/cs\/wp-json\/wp\/v2\/news\/8758\/revisions"}],"wp:featuredmedia":[{"embeddable":true,"href":"https:\/\/adgt.cz\/cs\/wp-json\/wp\/v2\/media\/8094"}],"wp:attachment":[{"href":"https:\/\/adgt.cz\/cs\/wp-json\/wp\/v2\/media?parent=8758"}],"wp:term":[{"taxonomy":"post_tag","embeddable":true,"href":"https:\/\/adgt.cz\/cs\/wp-json\/wp\/v2\/tags?post=8758"},{"taxonomy":"news-category","embeddable":true,"href":"https:\/\/adgt.cz\/cs\/wp-json\/wp\/v2\/news-category?post=8758"}],"curies":[{"name":"wp","href":"https:\/\/api.w.org\/{rel}","templated":true}]}}