{"id":8754,"date":"2017-12-01T13:44:02","date_gmt":"2017-12-01T13:44:02","guid":{"rendered":"https:\/\/adgt.cz\/?post_type=news&#038;p=8754"},"modified":"2021-03-29T07:17:43","modified_gmt":"2021-03-29T07:17:43","slug":"adgt-nasazeni-siti-nb-iot-v-ceske-republice","status":"publish","type":"news","link":"https:\/\/adgt.cz\/cs\/news\/adgt-nasazeni-siti-nb-iot-v-ceske-republice\/","title":{"rendered":"ADGT \u2013 Nasazen\u00ed s\u00edt\u00ed NB-IoT v \u010cesk\u00e9 republice"},"content":{"rendered":"<p>ADGT se aktivn\u011b pod\u00edl\u00ed na vytv\u00e1\u0159en\u00ed prvn\u00edch NB-IoT web\u016f v \u010cesk\u00e9 republice.<\/p><p><!--more--><\/p><p>Zah\u00e1jen\u00ed celkov\u00e9ho pokryt\u00ed NB-IoT v prosinci 2017 bylo jedn\u00edm z hlavn\u00edch t\u00e9mat minul\u00e9ho f\u00f3ra IDC IoT, kter\u00e9 se konalo v Praze 19. \u0159\u00edjna. Na tomto setk\u00e1n\u00ed se se\u0161li hlavn\u00ed hr\u00e1\u010de \u010desk\u00e9ho digit\u00e1ln\u00edho a mobiln\u00edho pr\u016fmyslu, co\u017e n\u00e1m umo\u017enilo uspo\u0159\u00e1dat sch\u016fzku s na\u0161imi partnery, star\u00fdmi i nov\u00fdmi.<\/p><p>Jednou z nejo\u010dek\u00e1van\u011bj\u0161\u00edch ud\u00e1lost\u00ed F\u00f3ra byly na\u0161e rozhovory s Vodafone. Jeliko\u017e se laboratorn\u00ed testy na\u0161ich zbrusu nov\u00fdch za\u0159\u00edzen\u00ed NB-IoT se SIM kartami Vodafone uk\u00e1zaly jako naprosto \u00fasp\u011b\u0161n\u00e9, objevila se perfektn\u00ed p\u0159\u00edle\u017eitost zah\u00e1jit slo\u017eit\u011bj\u0161\u00ed testy v ter\u00e9nu. To m\u016f\u017ee v\u00e9st k tomu, \u017ee na\u0161e v\u00fdroba povede prvn\u00ed vlnu NB-IoT automatizace v \u010cesk\u00e9 republice!<\/p><figure class=\"wp-block-image size-large\"><img loading=\"lazy\" decoding=\"async\" width=\"770\" height=\"420\" src=\"https:\/\/adgt.cz\/wp-content\/uploads\/2020\/09\/idc-collage-3-770x420-1.jpg\" alt=\"\" class=\"wp-image-7768\" srcset=\"https:\/\/adgt.cz\/wp-content\/uploads\/2020\/09\/idc-collage-3-770x420-1.jpg 770w, https:\/\/adgt.cz\/wp-content\/uploads\/2020\/09\/idc-collage-3-770x420-1-300x164.jpg 300w, https:\/\/adgt.cz\/wp-content\/uploads\/2020\/09\/idc-collage-3-770x420-1-768x419.jpg 768w, https:\/\/adgt.cz\/wp-content\/uploads\/2020\/09\/idc-collage-3-770x420-1-600x327.jpg 600w, https:\/\/adgt.cz\/wp-content\/uploads\/2020\/09\/idc-collage-3-770x420-1-480x262.jpg 480w\" sizes=\"(max-width: 770px) 100vw, 770px\" \/><\/figure>","protected":false},"excerpt":{"rendered":"<p>ADGT se aktivn\u011b pod\u00edl\u00ed na vytv\u00e1\u0159en\u00ed prvn\u00edch NB-IoT web\u016f v \u010cesk\u00e9 republice.<\/p>\n","protected":false},"author":2,"featured_media":7768,"comment_status":"closed","ping_status":"closed","template":"","tags":[],"news-category":[],"class_list":["post-8754","news","type-news","status-publish","has-post-thumbnail","hentry"],"yoast_head":"<!-- This site is optimized with the Yoast SEO plugin v23.5 - https:\/\/yoast.com\/wordpress\/plugins\/seo\/ -->\n<title>ADGT \u2013 Nasazen\u00ed s\u00edt\u00ed NB-IoT v \u010cesk\u00e9 republice - ADGT<\/title>\n<meta name=\"robots\" content=\"index, follow, max-snippet:-1, max-image-preview:large, max-video-preview:-1\" \/>\n<link rel=\"canonical\" href=\"https:\/\/adgt.cz\/cs\/news\/adgt-nasazeni-siti-nb-iot-v-ceske-republice\/\" \/>\n<meta property=\"og:locale\" content=\"cs_CZ\" \/>\n<meta property=\"og:type\" content=\"article\" \/>\n<meta property=\"og:title\" content=\"ADGT \u2013 Nasazen\u00ed s\u00edt\u00ed NB-IoT v \u010cesk\u00e9 republice - ADGT\" \/>\n<meta property=\"og:description\" content=\"ADGT se aktivn\u011b pod\u00edl\u00ed na vytv\u00e1\u0159en\u00ed prvn\u00edch NB-IoT web\u016f v \u010cesk\u00e9 republice.\" \/>\n<meta property=\"og:url\" content=\"https:\/\/adgt.cz\/cs\/news\/adgt-nasazeni-siti-nb-iot-v-ceske-republice\/\" \/>\n<meta property=\"og:site_name\" content=\"ADGT\" \/>\n<meta property=\"article:modified_time\" content=\"2021-03-29T07:17:43+00:00\" \/>\n<meta property=\"og:image\" content=\"https:\/\/adgt.cz\/wp-content\/uploads\/2020\/09\/idc-collage-3-770x420-1.jpg\" \/>\n\t<meta property=\"og:image:width\" content=\"770\" \/>\n\t<meta property=\"og:image:height\" content=\"420\" \/>\n\t<meta property=\"og:image:type\" content=\"image\/jpeg\" \/>\n<meta name=\"twitter:card\" content=\"summary_large_image\" \/>\n<meta name=\"twitter:label1\" content=\"Odhadovan\u00e1 doba \u010dten\u00ed\" \/>\n\t<meta name=\"twitter:data1\" content=\"1 minuta\" \/>\n<script type=\"application\/ld+json\" class=\"yoast-schema-graph\">{\"@context\":\"https:\/\/schema.org\",\"@graph\":[{\"@type\":\"WebPage\",\"@id\":\"https:\/\/adgt.cz\/cs\/news\/adgt-nasazeni-siti-nb-iot-v-ceske-republice\/\",\"url\":\"https:\/\/adgt.cz\/cs\/news\/adgt-nasazeni-siti-nb-iot-v-ceske-republice\/\",\"name\":\"ADGT \u2013 Nasazen\u00ed s\u00edt\u00ed NB-IoT v \u010cesk\u00e9 republice - ADGT\",\"isPartOf\":{\"@id\":\"https:\/\/adgt.cz\/cs\/#website\"},\"primaryImageOfPage\":{\"@id\":\"https:\/\/adgt.cz\/cs\/news\/adgt-nasazeni-siti-nb-iot-v-ceske-republice\/#primaryimage\"},\"image\":{\"@id\":\"https:\/\/adgt.cz\/cs\/news\/adgt-nasazeni-siti-nb-iot-v-ceske-republice\/#primaryimage\"},\"thumbnailUrl\":\"https:\/\/adgt.cz\/wp-content\/uploads\/2020\/09\/idc-collage-3-770x420-1.jpg\",\"datePublished\":\"2017-12-01T13:44:02+00:00\",\"dateModified\":\"2021-03-29T07:17:43+00:00\",\"breadcrumb\":{\"@id\":\"https:\/\/adgt.cz\/cs\/news\/adgt-nasazeni-siti-nb-iot-v-ceske-republice\/#breadcrumb\"},\"inLanguage\":\"cs\",\"potentialAction\":[{\"@type\":\"ReadAction\",\"target\":[\"https:\/\/adgt.cz\/cs\/news\/adgt-nasazeni-siti-nb-iot-v-ceske-republice\/\"]}]},{\"@type\":\"ImageObject\",\"inLanguage\":\"cs\",\"@id\":\"https:\/\/adgt.cz\/cs\/news\/adgt-nasazeni-siti-nb-iot-v-ceske-republice\/#primaryimage\",\"url\":\"https:\/\/adgt.cz\/wp-content\/uploads\/2020\/09\/idc-collage-3-770x420-1.jpg\",\"contentUrl\":\"https:\/\/adgt.cz\/wp-content\/uploads\/2020\/09\/idc-collage-3-770x420-1.jpg\",\"width\":770,\"height\":420},{\"@type\":\"BreadcrumbList\",\"@id\":\"https:\/\/adgt.cz\/cs\/news\/adgt-nasazeni-siti-nb-iot-v-ceske-republice\/#breadcrumb\",\"itemListElement\":[{\"@type\":\"ListItem\",\"position\":1,\"name\":\"Home\",\"item\":\"https:\/\/adgt.cz\/cs\/\"},{\"@type\":\"ListItem\",\"position\":2,\"name\":\"News\",\"item\":\"https:\/\/adgt.cz\/cs\/news\/\"},{\"@type\":\"ListItem\",\"position\":3,\"name\":\"ADGT \u2013 Nasazen\u00ed s\u00edt\u00ed NB-IoT v \u010cesk\u00e9 republice\"}]},{\"@type\":\"WebSite\",\"@id\":\"https:\/\/adgt.cz\/cs\/#website\",\"url\":\"https:\/\/adgt.cz\/cs\/\",\"name\":\"ADGT\",\"description\":\"Just another WordPress site\",\"publisher\":{\"@id\":\"https:\/\/adgt.cz\/cs\/#organization\"},\"potentialAction\":[{\"@type\":\"SearchAction\",\"target\":{\"@type\":\"EntryPoint\",\"urlTemplate\":\"https:\/\/adgt.cz\/cs\/?s={search_term_string}\"},\"query-input\":{\"@type\":\"PropertyValueSpecification\",\"valueRequired\":true,\"valueName\":\"search_term_string\"}}],\"inLanguage\":\"cs\"},{\"@type\":\"Organization\",\"@id\":\"https:\/\/adgt.cz\/cs\/#organization\",\"name\":\"ADGT\",\"url\":\"https:\/\/adgt.cz\/cs\/\",\"logo\":{\"@type\":\"ImageObject\",\"inLanguage\":\"cs\",\"@id\":\"https:\/\/adgt.cz\/cs\/#\/schema\/logo\/image\/\",\"url\":\"https:\/\/adgt.cz\/wp-content\/uploads\/2020\/09\/ADGT_logo_Magenta.png\",\"contentUrl\":\"https:\/\/adgt.cz\/wp-content\/uploads\/2020\/09\/ADGT_logo_Magenta.png\",\"width\":798,\"height\":208,\"caption\":\"ADGT\"},\"image\":{\"@id\":\"https:\/\/adgt.cz\/cs\/#\/schema\/logo\/image\/\"}}]}<\/script>\n<!-- \/ Yoast SEO plugin. -->","yoast_head_json":{"title":"ADGT \u2013 Nasazen\u00ed s\u00edt\u00ed NB-IoT v \u010cesk\u00e9 republice - ADGT","robots":{"index":"index","follow":"follow","max-snippet":"max-snippet:-1","max-image-preview":"max-image-preview:large","max-video-preview":"max-video-preview:-1"},"canonical":"https:\/\/adgt.cz\/cs\/news\/adgt-nasazeni-siti-nb-iot-v-ceske-republice\/","og_locale":"cs_CZ","og_type":"article","og_title":"ADGT \u2013 Nasazen\u00ed s\u00edt\u00ed NB-IoT v \u010cesk\u00e9 republice - ADGT","og_description":"ADGT se aktivn\u011b pod\u00edl\u00ed na vytv\u00e1\u0159en\u00ed prvn\u00edch NB-IoT web\u016f v \u010cesk\u00e9 republice.","og_url":"https:\/\/adgt.cz\/cs\/news\/adgt-nasazeni-siti-nb-iot-v-ceske-republice\/","og_site_name":"ADGT","article_modified_time":"2021-03-29T07:17:43+00:00","og_image":[{"width":770,"height":420,"url":"https:\/\/adgt.cz\/wp-content\/uploads\/2020\/09\/idc-collage-3-770x420-1.jpg","type":"image\/jpeg"}],"twitter_card":"summary_large_image","twitter_misc":{"Odhadovan\u00e1 doba \u010dten\u00ed":"1 minuta"},"schema":{"@context":"https:\/\/schema.org","@graph":[{"@type":"WebPage","@id":"https:\/\/adgt.cz\/cs\/news\/adgt-nasazeni-siti-nb-iot-v-ceske-republice\/","url":"https:\/\/adgt.cz\/cs\/news\/adgt-nasazeni-siti-nb-iot-v-ceske-republice\/","name":"ADGT \u2013 Nasazen\u00ed s\u00edt\u00ed NB-IoT v \u010cesk\u00e9 republice - ADGT","isPartOf":{"@id":"https:\/\/adgt.cz\/cs\/#website"},"primaryImageOfPage":{"@id":"https:\/\/adgt.cz\/cs\/news\/adgt-nasazeni-siti-nb-iot-v-ceske-republice\/#primaryimage"},"image":{"@id":"https:\/\/adgt.cz\/cs\/news\/adgt-nasazeni-siti-nb-iot-v-ceske-republice\/#primaryimage"},"thumbnailUrl":"https:\/\/adgt.cz\/wp-content\/uploads\/2020\/09\/idc-collage-3-770x420-1.jpg","datePublished":"2017-12-01T13:44:02+00:00","dateModified":"2021-03-29T07:17:43+00:00","breadcrumb":{"@id":"https:\/\/adgt.cz\/cs\/news\/adgt-nasazeni-siti-nb-iot-v-ceske-republice\/#breadcrumb"},"inLanguage":"cs","potentialAction":[{"@type":"ReadAction","target":["https:\/\/adgt.cz\/cs\/news\/adgt-nasazeni-siti-nb-iot-v-ceske-republice\/"]}]},{"@type":"ImageObject","inLanguage":"cs","@id":"https:\/\/adgt.cz\/cs\/news\/adgt-nasazeni-siti-nb-iot-v-ceske-republice\/#primaryimage","url":"https:\/\/adgt.cz\/wp-content\/uploads\/2020\/09\/idc-collage-3-770x420-1.jpg","contentUrl":"https:\/\/adgt.cz\/wp-content\/uploads\/2020\/09\/idc-collage-3-770x420-1.jpg","width":770,"height":420},{"@type":"BreadcrumbList","@id":"https:\/\/adgt.cz\/cs\/news\/adgt-nasazeni-siti-nb-iot-v-ceske-republice\/#breadcrumb","itemListElement":[{"@type":"ListItem","position":1,"name":"Home","item":"https:\/\/adgt.cz\/cs\/"},{"@type":"ListItem","position":2,"name":"News","item":"https:\/\/adgt.cz\/cs\/news\/"},{"@type":"ListItem","position":3,"name":"ADGT \u2013 Nasazen\u00ed s\u00edt\u00ed NB-IoT v \u010cesk\u00e9 republice"}]},{"@type":"WebSite","@id":"https:\/\/adgt.cz\/cs\/#website","url":"https:\/\/adgt.cz\/cs\/","name":"ADGT","description":"Just another WordPress site","publisher":{"@id":"https:\/\/adgt.cz\/cs\/#organization"},"potentialAction":[{"@type":"SearchAction","target":{"@type":"EntryPoint","urlTemplate":"https:\/\/adgt.cz\/cs\/?s={search_term_string}"},"query-input":{"@type":"PropertyValueSpecification","valueRequired":true,"valueName":"search_term_string"}}],"inLanguage":"cs"},{"@type":"Organization","@id":"https:\/\/adgt.cz\/cs\/#organization","name":"ADGT","url":"https:\/\/adgt.cz\/cs\/","logo":{"@type":"ImageObject","inLanguage":"cs","@id":"https:\/\/adgt.cz\/cs\/#\/schema\/logo\/image\/","url":"https:\/\/adgt.cz\/wp-content\/uploads\/2020\/09\/ADGT_logo_Magenta.png","contentUrl":"https:\/\/adgt.cz\/wp-content\/uploads\/2020\/09\/ADGT_logo_Magenta.png","width":798,"height":208,"caption":"ADGT"},"image":{"@id":"https:\/\/adgt.cz\/cs\/#\/schema\/logo\/image\/"}}]}},"_links":{"self":[{"href":"https:\/\/adgt.cz\/cs\/wp-json\/wp\/v2\/news\/8754"}],"collection":[{"href":"https:\/\/adgt.cz\/cs\/wp-json\/wp\/v2\/news"}],"about":[{"href":"https:\/\/adgt.cz\/cs\/wp-json\/wp\/v2\/types\/news"}],"author":[{"embeddable":true,"href":"https:\/\/adgt.cz\/cs\/wp-json\/wp\/v2\/users\/2"}],"replies":[{"embeddable":true,"href":"https:\/\/adgt.cz\/cs\/wp-json\/wp\/v2\/comments?post=8754"}],"version-history":[{"count":0,"href":"https:\/\/adgt.cz\/cs\/wp-json\/wp\/v2\/news\/8754\/revisions"}],"wp:featuredmedia":[{"embeddable":true,"href":"https:\/\/adgt.cz\/cs\/wp-json\/wp\/v2\/media\/7768"}],"wp:attachment":[{"href":"https:\/\/adgt.cz\/cs\/wp-json\/wp\/v2\/media?parent=8754"}],"wp:term":[{"taxonomy":"post_tag","embeddable":true,"href":"https:\/\/adgt.cz\/cs\/wp-json\/wp\/v2\/tags?post=8754"},{"taxonomy":"news-category","embeddable":true,"href":"https:\/\/adgt.cz\/cs\/wp-json\/wp\/v2\/news-category?post=8754"}],"curies":[{"name":"wp","href":"https:\/\/api.w.org\/{rel}","templated":true}]}}